{"id":11079,"date":"2024-10-01T17:30:53","date_gmt":"2024-10-01T15:30:53","guid":{"rendered":"https:\/\/www.hv-a.be\/formation-de-lunion-des-villes-et-communes-de-wallonie-sur-le-theme-les-cles-pour-comprendre-le-permis-denvironnement-intervention-de-maitre-vanhuffel\/"},"modified":"2024-10-05T13:46:32","modified_gmt":"2024-10-05T11:46:32","slug":"formation-de-lunion-des-villes-et-communes-de-wallonie-sur-le-theme-les-cles-pour-comprendre-le-permis-denvironnement-intervention-de-maitre-vanhuffel","status":"publish","type":"post","link":"https:\/\/www.hv-a.be\/de\/formation-de-lunion-des-villes-et-communes-de-wallonie-sur-le-theme-les-cles-pour-comprendre-le-permis-denvironnement-intervention-de-maitre-vanhuffel\/","title":{"rendered":"Formation de l&#8217;Union des villes et communes de Wallonie sur le th\u00e8me &#8222;Les cl\u00e9s pour comprendre le permis d&#8217;environnement&#8220; &#8211; Intervention de Ma\u00eetre Vanhuffel"},"content":{"rendered":"<p><strong>CLES POUR COMPRENDRE LE PERMIS D&#8217;ENVIRONNEMENT<\/strong><\/p>\n<p>A l&#8217;invitation de l&#8217;Union des villes et communes de Wallonie, Ma\u00eetre Annabelle Vanhuffel animera une journ\u00e9e d&#8217;\u00e9tude \u00e0 destination des fonctionnaires communaux sur le th\u00e8me &#8222;Cl\u00e9s pour comprendre le permis d&#8217;environnement&#8220;.<\/p>\n<p>Instituant un v\u00e9ritable r\u00e8glement g\u00e9n\u00e9ral sur la protection de l&#8217;environnement, le d\u00e9cret du 11 mars 1999 relatif au permis d&#8217;environnement constitue la transcription en droit wallon d\u2019une directive europ\u00e9enne relative \u00e0 la pr\u00e9vention et la r\u00e9duction des pollutions. Dans le cadre de ce d\u00e9cret, la commune est le &#8222;pivot de proximit\u00e9&#8220;. Elle centralise les demandes. Elle est, \u00e0 quelques exceptions pr\u00e8s, l\u2019autorit\u00e9 comp\u00e9tente pour l&#8217;octroi du permis d\u2019environnement et du permis unique. Elle r\u00e9ceptionne les d\u00e9clarations.<\/p>\n<p>Force est cependant de constater qu\u2019en pratique, cette r\u00e8glementation n\u2019est pas toujours \u00e9vidente \u00e0 mettre en \u0153uvre.<\/p>\n<p>En outre, le d\u00e9cret du 25 avril 2024 modifient certaines dispositions de ce d\u00e9cret.<\/p>\n<p>Au travers de cette formation, nous repr\u00e9ciserons, en quoi consiste le permis d\u2019environnement, les acteurs concern\u00e9s et les proc\u00e9dures \u00e0 suivre. Ma\u00eetre Vanhuffel abordera bien entendu les \u00e9l\u00e9ments de la r\u00e9forme dans leurs aspects pratiques.<\/p>\n<p>les informations sur cette formation sont disponibles sur le site internet suivant :\u00a0<a href=\"https:\/\/www.uvcw.be\/formations\/1407\">https:\/\/www.uvcw.be\/formations\/1407<\/a><\/p>\n","protected":false},"excerpt":{"rendered":"<p>CLES POUR COMPRENDRE LE PERMIS D&#8217;ENVIRONNEMENT A l&#8217;invitation de l&#8217;Union des villes et communes de Wallonie, Ma\u00eetre Annabelle Vanhuffel animera une journ\u00e9e d&#8217;\u00e9tude \u00e0 destination des fonctionnaires communaux sur le th\u00e8me &#8222;Cl\u00e9s pour comprendre le permis d&#8217;environnement&#8220;. Instituant un v\u00e9ritable r\u00e8glement g\u00e9n\u00e9ral sur la protection de l&#8217;environnement, le d\u00e9cret du 11 mars 1999 relatif au [&hellip;]<\/p>\n","protected":false},"author":3,"featured_media":11083,"comment_status":"closed","ping_status":"closed","sticky":false,"template":"","format":"standard","meta":{"_seopress_robots_primary_cat":"","_seopress_titles_title":"","_seopress_titles_desc":"","_seopress_robots_index":"","footnotes":""},"categories":[71,83],"tags":[],"class_list":["post-11079","post","type-post","status-publish","format-standard","has-post-thumbnail","hentry","category-conference-de","category-formation-de"],"_links":{"self":[{"href":"https:\/\/www.hv-a.be\/de\/wp-json\/wp\/v2\/posts\/11079","targetHints":{"allow":["GET"]}}],"collection":[{"href":"https:\/\/www.hv-a.be\/de\/wp-json\/wp\/v2\/posts"}],"about":[{"href":"https:\/\/www.hv-a.be\/de\/wp-json\/wp\/v2\/types\/post"}],"author":[{"embeddable":true,"href":"https:\/\/www.hv-a.be\/de\/wp-json\/wp\/v2\/users\/3"}],"replies":[{"embeddable":true,"href":"https:\/\/www.hv-a.be\/de\/wp-json\/wp\/v2\/comments?post=11079"}],"version-history":[{"count":4,"href":"https:\/\/www.hv-a.be\/de\/wp-json\/wp\/v2\/posts\/11079\/revisions"}],"predecessor-version":[{"id":11149,"href":"https:\/\/www.hv-a.be\/de\/wp-json\/wp\/v2\/posts\/11079\/revisions\/11149"}],"wp:featuredmedia":[{"embeddable":true,"href":"https:\/\/www.hv-a.be\/de\/wp-json\/wp\/v2\/media\/11083"}],"wp:attachment":[{"href":"https:\/\/www.hv-a.be\/de\/wp-json\/wp\/v2\/media?parent=11079"}],"wp:term":[{"taxonomy":"category","embeddable":true,"href":"https:\/\/www.hv-a.be\/de\/wp-json\/wp\/v2\/categories?post=11079"},{"taxonomy":"post_tag","embeddable":true,"href":"https:\/\/www.hv-a.be\/de\/wp-json\/wp\/v2\/tags?post=11079"}],"curies":[{"name":"wp","href":"https:\/\/api.w.org\/{rel}","templated":true}]}}