{"id":11214,"date":"2024-10-16T10:40:04","date_gmt":"2024-10-16T08:40:04","guid":{"rendered":"https:\/\/www.hv-a.be\/etat-federal-consultation-publique-sur-le-projet-de-nouveau-livre-7-du-code-civil-les-contrats-speciaux\/"},"modified":"2024-10-16T11:47:48","modified_gmt":"2024-10-16T09:47:48","slug":"etat-federal-consultation-publique-sur-le-projet-de-nouveau-livre-7-du-code-civil-les-contrats-speciaux","status":"publish","type":"post","link":"https:\/\/www.hv-a.be\/de\/etat-federal-consultation-publique-sur-le-projet-de-nouveau-livre-7-du-code-civil-les-contrats-speciaux\/","title":{"rendered":"Etat f\u00e9d\u00e9ral &#8211; Consultation publique sur le projet de nouveau Livre 7 du Code civil &#8222;les contrats sp\u00e9ciaux&#8220;"},"content":{"rendered":"<p class=\"lead\">Dans le cadre de la loi du 13 avril 2019 instaurant la cr\u00e9ation d\u2019un nouveau Code civil, la Commission minist\u00e9rielle de r\u00e9forme du droit des contrats a \u00e9labor\u00e9 une proposition pour le Livre 7 &#8222;Contrats sp\u00e9ciaux&#8220;.<\/p>\n<p class=\"lead\">Les contrats sp\u00e9ciaux recouvrent diff\u00e9rents contrats importants en mati\u00e8re immobili\u00e8re tels que le contrat de vente immobili\u00e8re, le contrat d&#8217;entreprise, le contrat de mandat ou le contrat de bail.<\/p>\n<p>Certaines modifications sont importantes telle que, par exemple, le r\u00e9gime des garanties dans le contrat de vente.<\/p>\n<p>Les commentaires sur le texte propos\u00e9 pour le\u00a0 Livre 7 peuvent \u00eatre adress\u00e9s \u00e0 l&#8217;adresse mail : <strong>bwcc@just.fgov.be<\/strong> Jusqu\u2019au <strong>31 octobre 2024<\/strong>.<\/p>\n<p>Le texte en projet et les informations y relatives sont disponibles via le lien <a href=\"https:\/\/justice.belgium.be\/fr\/nouvelles\/autres_communiques\/consultation_publique_livre_7_contrats_speciaux_du_nouveau_code_civil\">Consultation publique : Livre 7 \u00ab Contrats sp\u00e9ciaux \u00bb du nouveau Code civil \u00a0 | Service public federal Justice (belgium.be)<\/a><\/p>\n","protected":false},"excerpt":{"rendered":"<p>Dans le cadre de la loi du 13 avril 2019 instaurant la cr\u00e9ation d\u2019un nouveau Code civil, la Commission minist\u00e9rielle de r\u00e9forme du droit des contrats a \u00e9labor\u00e9 une proposition pour le Livre 7 &#8222;Contrats sp\u00e9ciaux&#8220;. Les contrats sp\u00e9ciaux recouvrent diff\u00e9rents contrats importants en mati\u00e8re immobili\u00e8re tels que le contrat de vente immobili\u00e8re, le contrat [&hellip;]<\/p>\n","protected":false},"author":3,"featured_media":11238,"comment_status":"closed","ping_status":"closed","sticky":false,"template":"","format":"standard","meta":{"_seopress_robots_primary_cat":"","_seopress_titles_title":"","_seopress_titles_desc":"","_seopress_robots_index":"","footnotes":""},"categories":[86],"tags":[],"class_list":["post-11214","post","type-post","status-publish","format-standard","has-post-thumbnail","hentry","category-evenement-de"],"_links":{"self":[{"href":"https:\/\/www.hv-a.be\/de\/wp-json\/wp\/v2\/posts\/11214","targetHints":{"allow":["GET"]}}],"collection":[{"href":"https:\/\/www.hv-a.be\/de\/wp-json\/wp\/v2\/posts"}],"about":[{"href":"https:\/\/www.hv-a.be\/de\/wp-json\/wp\/v2\/types\/post"}],"author":[{"embeddable":true,"href":"https:\/\/www.hv-a.be\/de\/wp-json\/wp\/v2\/users\/3"}],"replies":[{"embeddable":true,"href":"https:\/\/www.hv-a.be\/de\/wp-json\/wp\/v2\/comments?post=11214"}],"version-history":[{"count":5,"href":"https:\/\/www.hv-a.be\/de\/wp-json\/wp\/v2\/posts\/11214\/revisions"}],"predecessor-version":[{"id":11245,"href":"https:\/\/www.hv-a.be\/de\/wp-json\/wp\/v2\/posts\/11214\/revisions\/11245"}],"wp:featuredmedia":[{"embeddable":true,"href":"https:\/\/www.hv-a.be\/de\/wp-json\/wp\/v2\/media\/11238"}],"wp:attachment":[{"href":"https:\/\/www.hv-a.be\/de\/wp-json\/wp\/v2\/media?parent=11214"}],"wp:term":[{"taxonomy":"category","embeddable":true,"href":"https:\/\/www.hv-a.be\/de\/wp-json\/wp\/v2\/categories?post=11214"},{"taxonomy":"post_tag","embeddable":true,"href":"https:\/\/www.hv-a.be\/de\/wp-json\/wp\/v2\/tags?post=11214"}],"curies":[{"name":"wp","href":"https:\/\/api.w.org\/{rel}","templated":true}]}}