{"id":11583,"date":"2024-11-25T17:03:38","date_gmt":"2024-11-25T16:03:38","guid":{"rendered":"https:\/\/www.hv-a.be\/cop29-laccord-final-prevoit-un-financement-annuel-de-300-milliards-de-dollars-en-lieu-et-place-des-1-300-milliards-de-dollars-attendus-par-les-pays-en-developpement-pour-financer-laction-contre\/"},"modified":"2024-12-02T10:57:54","modified_gmt":"2024-12-02T09:57:54","slug":"cop29-laccord-final-prevoit-un-financement-annuel-de-300-milliards-de-dollars-en-lieu-et-place-des-1-300-milliards-de-dollars-attendus-par-les-pays-en-developpement-pour-financer-laction-contre","status":"publish","type":"post","link":"https:\/\/www.hv-a.be\/de\/cop29-laccord-final-prevoit-un-financement-annuel-de-300-milliards-de-dollars-en-lieu-et-place-des-1-300-milliards-de-dollars-attendus-par-les-pays-en-developpement-pour-financer-laction-contre\/","title":{"rendered":"COP29 &#8211; L&#8217;accord final de ce 24 novembre 2024 pr\u00e9voit un financement annuel de 300 milliards de dollars en lieu et place des 1.300 milliards de dollars attendus par les pays en d\u00e9veloppement pour financer l&#8217;action contre les r\u00e9chauffement climatique dans les pays en d\u00e9veloppement"},"content":{"rendered":"<div class=\"ac_paragraph ac_paragraph--first\"><\/div>\n<div class=\"ac_paragraph paywalled-content\">\n<div class=\"ac_paragraph paywalled-content\">\n<div data-ad-id=\"dynamic-mid1\">\n<div class=\"ac_paragraph ac_paragraph--first\">\n<p>Les parties r\u00e9unies \u00e0 la COP29 ont act\u00e9 \u00e0 Bakou un nouvel objectif pour financer l&#8217;action climat dans les pays en d\u00e9veloppement. Les grands pays \u00e9mergents sont appel\u00e9s \u00e0 y participer.<\/p>\n<\/div>\n<div class=\"ac_paragraph paywalled-content\">\n<p>L&#8217;accord final est intervenu ce dimanche 24 novembre 2024 malgr\u00e9 les critiques des repr\u00e9sentants de diff\u00e9rents pays dont Cuba et l&#8217;Inde qui le jugent insuffisant. Enregistr\u00e9 par le secr\u00e9tariat de l&#8217;ONU, il pr\u00e9voit l&#8217;engagement des pays d\u00e9velopp\u00e9s \u00e0 mobiliser au moins 300 milliards de dollars par an \u00e0 partir de 2035 pour financer l&#8217;action contre le r\u00e9chauffement climatique dans les pays en d\u00e9veloppement.<\/p>\n<\/div>\n<div class=\"ac_paragraph paywalled-content\"><\/div>\n<div class=\"ac_paragraph paywalled-content\">\n<div class=\"ac_paragraph paywalled-content\">\n<div class=\"c-adcontainer c-adcontainer--hidden\">\n<div class=\"c-adcontainer__wrapper\">\n<div id=\"dynamic-mid1\" data-ad-id=\"dynamic-mid1\">Cet accord pr\u00e9voit que la somme soit r\u00e9unie au travers d&#8217;une large vari\u00e9t\u00e9 de sources publiques et priv\u00e9es, bilat\u00e9rales, multilat\u00e9rales et\u00a0 alternatives.<\/div>\n<\/div>\n<\/div>\n<div data-ad-id=\"dynamic-mid1\">\n<div class=\"ac_paragraph paywalled-content\">\n<p>La nouveaut\u00e9 de l&#8217;accord est de faire entrer les grands pays \u00e9mergents dans le financement de l&#8217;action climat. En effet, sera pris en compte tous les financements mobilis\u00e9s par les banques de d\u00e9veloppements multilat\u00e9rales, ce qui recouvre les montants d\u00e9gag\u00e9s par la Banque mondiale pour le climat dont les Brics sont actionnaires pour 15 pour cent, les contributions de la banque des Brics et de la Banque asiatique pour les infrastructures.<\/p>\n<\/div>\n<div class=\"ac_paragraph paywalled-content\">\n<p>Enfin, les 300 milliards de dollars annuels constitueraient le noyau d&#8217;un effort plus large ayant pour objectif de trouver les 1.300 milliards de dollars par an souhait\u00e9s par les pays en d\u00e9veloppement, lesquels constituent un objectif \u00e0 atteindre par toutes les sources publiques et priv\u00e9es.<\/p>\n<p>Un rapport pr\u00e9cis doit \u00eatre communiqu\u00e9 dans un an, lequel pr\u00e9ciserait la mani\u00e8re dont seraient mobilis\u00e9s ces financements. L&#8217;ONU Climat doit en outre communiquer un rapport bisannuel sur la mise en oeuvre de l&#8217;accord intervenu.<\/p>\n<p>Les d\u00e9tails de la COP29 peuvent \u00eatre consult\u00e9s via le lien : <a href=\"https:\/\/unfccc.int\/fr\/news\/cop-29-la-conference-des-nations-unies-sur-le-climat-convient-de-tripler-le-financement-aux-pays-en\">https:\/\/unfccc.int\/fr\/news\/cop-29-la-conference-des-nations-unies-sur-le-climat-convient-de-tripler-le-financement-aux-pays-en.<\/a><\/p>\n<\/div>\n<\/div>\n<\/div>\n<\/div>\n<\/div>\n<\/div>\n<p><a href=\"https:\/\/www.hv-a.be\/de\/ouverture-de-la-cop-29-ce-11-novembre-2024-a-bakou\/\">https:\/\/www.hv-a.be\/ouverture-de-la-cop-29-ce-11-novembre-2024-a-bakou\/<\/a><\/p>\n<p>A l&#8217;occasion de la COP29, la Belgique a \u00e9t\u00e9 soumise \u00e0 son 5\u00e8me examen multilat\u00e9ral (Belgium&#8217;s multilateral assessment) et ce, sur base de son 5\u00e8me rapport biennal.\u00a0 Cet examen r\u00e9v\u00e8le que la\u00a0Belgique a atteint son objectif de r\u00e9duction pour 2020 par rapport aux engagements internationaux en mati\u00e8re de r\u00e9duction des \u00e9missions de gaz \u00e0 effet de serre\u00a0pour la p\u00e9riode 2013-2020, et ce, en partie gr\u00e2ce \u00e0 la crise de la Covid19.<\/p>\n<\/div>\n<p>Le rapport et le r\u00e9sultat de ce 5\u00e8me examen multilat\u00e9ral sont consultable sur le site de l&#8217;ONU via le lien suivant : <a href=\"https:\/\/unfccc.int\/MA\/Belgium#Fifth-IAR-cycle---2024-\">https:\/\/unfccc.int\/MA\/Belgium#Fifth-IAR-cycle&#8212;2024-.<\/a><\/p>\n<p>Diff\u00e9rentes informations sur le d\u00e9roulement de cet examen sont consultables sur le site belge pour une information fiable sur les changements climatiques &#8222;climat.be&#8220; via le lien suivant :\u00a0<a href=\"https:\/\/climat.be\/actualites\/2024\/5e-examen-multilateral-pour-la-belgique-a-la-cop29\">https:\/\/climat.be\/actualites\/2024\/5e-examen-multilateral-pour-la-belgique-a-la-cop29.<\/a><\/p>\n<div class=\"ac_paragraph paywalled-content\">\n<div class=\"ac_paragraph paywalled-content\">\n<div data-ad-id=\"dynamic-mid1\"><\/div>\n<\/div>\n<\/div>\n","protected":false},"excerpt":{"rendered":"<p>Les parties r\u00e9unies \u00e0 la COP29 ont act\u00e9 \u00e0 Bakou un nouvel objectif pour financer l&#8217;action climat dans les pays en d\u00e9veloppement. Les grands pays \u00e9mergents sont appel\u00e9s \u00e0 y participer. L&#8217;accord final est intervenu ce dimanche 24 novembre 2024 malgr\u00e9 les critiques des repr\u00e9sentants de diff\u00e9rents pays dont Cuba et l&#8217;Inde qui le jugent [&hellip;]<\/p>\n","protected":false},"author":3,"featured_media":11441,"comment_status":"closed","ping_status":"closed","sticky":false,"template":"","format":"standard","meta":{"_seopress_robots_primary_cat":"","_seopress_titles_title":"","_seopress_titles_desc":"","_seopress_robots_index":"","footnotes":""},"categories":[71,86,74,37],"tags":[],"class_list":["post-11583","post","type-post","status-publish","format-standard","has-post-thumbnail","hentry","category-conference-de","category-evenement-de","category-press-de","category-unkategorisiert"],"_links":{"self":[{"href":"https:\/\/www.hv-a.be\/de\/wp-json\/wp\/v2\/posts\/11583","targetHints":{"allow":["GET"]}}],"collection":[{"href":"https:\/\/www.hv-a.be\/de\/wp-json\/wp\/v2\/posts"}],"about":[{"href":"https:\/\/www.hv-a.be\/de\/wp-json\/wp\/v2\/types\/post"}],"author":[{"embeddable":true,"href":"https:\/\/www.hv-a.be\/de\/wp-json\/wp\/v2\/users\/3"}],"replies":[{"embeddable":true,"href":"https:\/\/www.hv-a.be\/de\/wp-json\/wp\/v2\/comments?post=11583"}],"version-history":[{"count":3,"href":"https:\/\/www.hv-a.be\/de\/wp-json\/wp\/v2\/posts\/11583\/revisions"}],"predecessor-version":[{"id":11652,"href":"https:\/\/www.hv-a.be\/de\/wp-json\/wp\/v2\/posts\/11583\/revisions\/11652"}],"wp:featuredmedia":[{"embeddable":true,"href":"https:\/\/www.hv-a.be\/de\/wp-json\/wp\/v2\/media\/11441"}],"wp:attachment":[{"href":"https:\/\/www.hv-a.be\/de\/wp-json\/wp\/v2\/media?parent=11583"}],"wp:term":[{"taxonomy":"category","embeddable":true,"href":"https:\/\/www.hv-a.be\/de\/wp-json\/wp\/v2\/categories?post=11583"},{"taxonomy":"post_tag","embeddable":true,"href":"https:\/\/www.hv-a.be\/de\/wp-json\/wp\/v2\/tags?post=11583"}],"curies":[{"name":"wp","href":"https:\/\/api.w.org\/{rel}","templated":true}]}}