{"id":11872,"date":"2024-12-20T14:08:07","date_gmt":"2024-12-20T13:08:07","guid":{"rendered":"https:\/\/www.hv-a.be\/colloque-des-15-ans-de-la-revue-de-droit-penal-de-lentreprise-le-droit-penal-apres-2025-intervention-de-maitre-havet-sur-le-theme-les-modifications-legislatives-federales-recentes-et-l\/"},"modified":"2024-12-20T14:40:05","modified_gmt":"2024-12-20T13:40:05","slug":"colloque-des-15-ans-de-la-revue-de-droit-penal-de-lentreprise-le-droit-penal-apres-2025-intervention-de-maitre-havet-sur-le-theme-les-modifications-legislatives-federales-recentes-et-l","status":"publish","type":"post","link":"https:\/\/www.hv-a.be\/de\/colloque-des-15-ans-de-la-revue-de-droit-penal-de-lentreprise-le-droit-penal-apres-2025-intervention-de-maitre-havet-sur-le-theme-les-modifications-legislatives-federales-recentes-et-l\/","title":{"rendered":"24 avril 2025 &#8211; Colloque des 15 ans de la Revue de droit p\u00e9nal de l&#8217;entreprise &#8211; &#8222;Le droit p\u00e9nal de l&#8217;entreprise apr\u00e8s 2025&#8220; &#8211; Intervention de Ma\u00eetre Havet sur le th\u00e8me &#8222;Les modifications l\u00e9gislatives f\u00e9d\u00e9rales r\u00e9centes et l\u2019environnement : r\u00e9volution ou greenwashing ?&#8220;"},"content":{"rendered":"<p>A l&#8217;invitation de la Revue de droit p\u00e9nal de l&#8217;entreprise qui organise un colloque ayant pour objet les implications de la r\u00e9cente r\u00e9forme du Code p\u00e9nal sur le droit p\u00e9nal de l&#8217;entreprise \u00e0 l&#8217;occasion de son quinzi\u00e8me anniversaire, Benoit Havet interviendra aux c\u00f4t\u00e9s de Madame Fran\u00e7oise Thonet sur le th\u00e8me &#8222;<em>Les modifications l\u00e9gislatives f\u00e9d\u00e9rales r\u00e9centes et l\u2019environnement : r\u00e9volution ou greenwashing ?<\/em>&#8222;.\u00a0 Ils aborderont diverses modifications l\u00e9gislatives f\u00e9d\u00e9rales r\u00e9centes, telles que les modifications apport\u00e9es au Code judiciaire par la loi du 18 janvier 2024 qui institue le juge de l&#8217;environnement et le substitut sp\u00e9cialis\u00e9 en mati\u00e8re environnementale, les modifications apport\u00e9es au livre II du Code p\u00e9nal par la loi du 29 f\u00e9vrier 2024 qui fait entrer le crime d&#8217;\u00e9cocide dans le droit belge et les modifications apport\u00e9es au Code civil par la loi du 7 f\u00e9vrier 2024 qui cr\u00e9e le Livre 6 du Code civil qui r\u00e9forme la responsabilit\u00e9 extra-contractuelle, avec diverses implications en ce qui concerne l&#8217;indemnisation des dommages \u00e0 l&#8217;environnement.<\/p>\n<p>Toutes les informations pratiques relativement \u00e0 ce colloque sont disponibles via le lien suivant\u00a0<a href=\"https:\/\/www.larcier-intersentia.com\/fr\/colloque-titre-droit-penal-l-entreprise-apres-2025-ev0000186.html?utm_campaign=l_wa_24_50_em_a_1_tr-rpe&amp;utm_medium=email&amp;utm_source=larcier\">https:\/\/www.larcier-intersentia.com\/fr\/colloque-titre-droit-penal-l-entreprise-apres-2025-ev0000186.html?utm_campaign=l_wa_24_50_em_a_1_tr-rpe&amp;utm_medium=email&amp;utm_source=larcier<\/a>.<\/p>\n","protected":false},"excerpt":{"rendered":"<p>A l&#8217;invitation de la Revue de droit p\u00e9nal de l&#8217;entreprise qui organise un colloque ayant pour objet les implications de la r\u00e9cente r\u00e9forme du Code p\u00e9nal sur le droit p\u00e9nal de l&#8217;entreprise \u00e0 l&#8217;occasion de son quinzi\u00e8me anniversaire, Benoit Havet interviendra aux c\u00f4t\u00e9s de Madame Fran\u00e7oise Thonet sur le th\u00e8me &#8222;Les modifications l\u00e9gislatives f\u00e9d\u00e9rales r\u00e9centes [&hellip;]<\/p>\n","protected":false},"author":3,"featured_media":11868,"comment_status":"closed","ping_status":"closed","sticky":false,"template":"","format":"standard","meta":{"_seopress_robots_primary_cat":"","_seopress_titles_title":"","_seopress_titles_desc":"","_seopress_robots_index":"","footnotes":""},"categories":[71,83],"tags":[],"class_list":["post-11872","post","type-post","status-publish","format-standard","has-post-thumbnail","hentry","category-conference-de","category-formation-de"],"_links":{"self":[{"href":"https:\/\/www.hv-a.be\/de\/wp-json\/wp\/v2\/posts\/11872","targetHints":{"allow":["GET"]}}],"collection":[{"href":"https:\/\/www.hv-a.be\/de\/wp-json\/wp\/v2\/posts"}],"about":[{"href":"https:\/\/www.hv-a.be\/de\/wp-json\/wp\/v2\/types\/post"}],"author":[{"embeddable":true,"href":"https:\/\/www.hv-a.be\/de\/wp-json\/wp\/v2\/users\/3"}],"replies":[{"embeddable":true,"href":"https:\/\/www.hv-a.be\/de\/wp-json\/wp\/v2\/comments?post=11872"}],"version-history":[{"count":5,"href":"https:\/\/www.hv-a.be\/de\/wp-json\/wp\/v2\/posts\/11872\/revisions"}],"predecessor-version":[{"id":11896,"href":"https:\/\/www.hv-a.be\/de\/wp-json\/wp\/v2\/posts\/11872\/revisions\/11896"}],"wp:featuredmedia":[{"embeddable":true,"href":"https:\/\/www.hv-a.be\/de\/wp-json\/wp\/v2\/media\/11868"}],"wp:attachment":[{"href":"https:\/\/www.hv-a.be\/de\/wp-json\/wp\/v2\/media?parent=11872"}],"wp:term":[{"taxonomy":"category","embeddable":true,"href":"https:\/\/www.hv-a.be\/de\/wp-json\/wp\/v2\/categories?post=11872"},{"taxonomy":"post_tag","embeddable":true,"href":"https:\/\/www.hv-a.be\/de\/wp-json\/wp\/v2\/tags?post=11872"}],"curies":[{"name":"wp","href":"https:\/\/api.w.org\/{rel}","templated":true}]}}