{"id":11986,"date":"2025-01-10T19:41:15","date_gmt":"2025-01-10T18:41:15","guid":{"rendered":"https:\/\/www.hv-a.be\/masterclass-interuniversitaire-pour-les-architectes-stagiaires-organisee-par-lordre-des-architectes-lucl-lulb-luliege-et-lumons\/"},"modified":"2025-01-13T09:01:15","modified_gmt":"2025-01-13T08:01:15","slug":"masterclass-interuniversitaire-pour-les-architectes-stagiaires-organisee-par-lordre-des-architectes-lucl-lulb-luliege-et-lumons","status":"publish","type":"post","link":"https:\/\/www.hv-a.be\/de\/masterclass-interuniversitaire-pour-les-architectes-stagiaires-organisee-par-lordre-des-architectes-lucl-lulb-luliege-et-lumons\/","title":{"rendered":"Lancement, ce 10 janvier 2025, de la Masterclass Interuniversitaire \u00e0 l&#8217;attention des architectes stagiaires organis\u00e9e par l&#8217;Ordre des architectes, l&#8217;Universit\u00e9 catholique de Louvain, l&#8217;Universit\u00e9 libre de Bruxelles, l&#8217;Universit\u00e9 de Li\u00e8ge et l&#8217;Universit\u00e9 de Mons"},"content":{"rendered":"<p>Benoit Havet interviendra dans le cadre de la Masterclass Interuniversitaire organis\u00e9e pour les architectes stagiaires par l&#8217;Ordre des architectes, l&#8217;Universit\u00e9 catholique de Louvain, l&#8217;Universit\u00e9 libre de Bruxelles, l&#8217;Universit\u00e9 de Li\u00e8ge et l&#8217;Universit\u00e9 de Mons.<\/p>\n<p>Cette formation comporte 6 modules qui abordent toutes les phases d&#8217;une mission compl\u00e8te d&#8217;architecture est destin\u00e9e \u00e0 compl\u00e9ter juridiquement et pratiquement la formation th\u00e9orique acquise \u00e0 l&#8217;Universit\u00e9 par les \u00e9tudiants durant leur master en architecture.<\/p>\n<p>Les stagiaires seront form\u00e9s juridiquement, techniquement sur les aspects pratiques de leur travail depuis la conception du dossier et l&#8217;introduction de la demande de permis d&#8217;urbanisme jusqu&#8217;\u00e0 l&#8217;expiration du d\u00e9lai de responsabilit\u00e9 d\u00e9cennale. L&#8217;a formation est destin\u00e9e \u00e0 leur permettre de g\u00e9rer les relations avec le client, les entrepreneurs, les pouvoirs publics, le voisinage du chantier sous les aspects \u00e9thique, d\u00e9ontologique, \u00e9conomique, l\u00e9gal, administratif ou technique, voire culturel ou social.<\/p>\n<p>Les objectifs d\u2019apprentissage sont :<\/p>\n<ul>\n<li>La gestion pratique d\u2019un projet en vue d\u2019assumer la responsabilit\u00e9 d\u2019architecte dans tous ses devoirs et pr\u00e9rogatives ;<\/li>\n<li>La maitrise des diff\u00e9rentes contingences li\u00e9es \u00e0 l\u2019exercice de la profession de sorte a\u0300 viser l\u2019autonomie ;<\/li>\n<li>La professionnalisation des stagiaires.<\/li>\n<\/ul>\n<p>Inscrivez-vous \u00e0 cette excellente formation.<\/p>\n<p>Pour plus d&#8217;informations et inscriptions voyez\u00a0<a href=\"https:\/\/ordredesarchitectes.be\/architectes\/post-formation-stagiaires\">https:\/\/ordredesarchitectes.be\/architectes\/post-formation-stagiaires<\/a><\/p>\n","protected":false},"excerpt":{"rendered":"<p>Benoit Havet interviendra dans le cadre de la Masterclass Interuniversitaire organis\u00e9e pour les architectes stagiaires par l&#8217;Ordre des architectes, l&#8217;Universit\u00e9 catholique de Louvain, l&#8217;Universit\u00e9 libre de Bruxelles, l&#8217;Universit\u00e9 de Li\u00e8ge et l&#8217;Universit\u00e9 de Mons. Cette formation comporte 6 modules qui abordent toutes les phases d&#8217;une mission compl\u00e8te d&#8217;architecture est destin\u00e9e \u00e0 compl\u00e9ter juridiquement et pratiquement [&hellip;]<\/p>\n","protected":false},"author":3,"featured_media":11980,"comment_status":"closed","ping_status":"closed","sticky":false,"template":"","format":"standard","meta":{"_seopress_robots_primary_cat":"","_seopress_titles_title":"","_seopress_titles_desc":"","_seopress_robots_index":"","footnotes":""},"categories":[71,83],"tags":[],"class_list":["post-11986","post","type-post","status-publish","format-standard","has-post-thumbnail","hentry","category-conference-de","category-formation-de"],"_links":{"self":[{"href":"https:\/\/www.hv-a.be\/de\/wp-json\/wp\/v2\/posts\/11986","targetHints":{"allow":["GET"]}}],"collection":[{"href":"https:\/\/www.hv-a.be\/de\/wp-json\/wp\/v2\/posts"}],"about":[{"href":"https:\/\/www.hv-a.be\/de\/wp-json\/wp\/v2\/types\/post"}],"author":[{"embeddable":true,"href":"https:\/\/www.hv-a.be\/de\/wp-json\/wp\/v2\/users\/3"}],"replies":[{"embeddable":true,"href":"https:\/\/www.hv-a.be\/de\/wp-json\/wp\/v2\/comments?post=11986"}],"version-history":[{"count":3,"href":"https:\/\/www.hv-a.be\/de\/wp-json\/wp\/v2\/posts\/11986\/revisions"}],"predecessor-version":[{"id":11997,"href":"https:\/\/www.hv-a.be\/de\/wp-json\/wp\/v2\/posts\/11986\/revisions\/11997"}],"wp:featuredmedia":[{"embeddable":true,"href":"https:\/\/www.hv-a.be\/de\/wp-json\/wp\/v2\/media\/11980"}],"wp:attachment":[{"href":"https:\/\/www.hv-a.be\/de\/wp-json\/wp\/v2\/media?parent=11986"}],"wp:term":[{"taxonomy":"category","embeddable":true,"href":"https:\/\/www.hv-a.be\/de\/wp-json\/wp\/v2\/categories?post=11986"},{"taxonomy":"post_tag","embeddable":true,"href":"https:\/\/www.hv-a.be\/de\/wp-json\/wp\/v2\/tags?post=11986"}],"curies":[{"name":"wp","href":"https:\/\/api.w.org\/{rel}","templated":true}]}}