{"id":12208,"date":"2025-02-20T18:34:34","date_gmt":"2025-02-20T17:34:34","guid":{"rendered":"https:\/\/www.hv-a.be\/le-conseil-detat-restera-competent-pour-controler-la-legalite-des-arretes-reglementaires-en-matiere-durbanisme-en-region-flamande-arret-de-la-cour-constitutionnelle-du-13-fevrier-2025-n22\/"},"modified":"2025-02-20T18:51:14","modified_gmt":"2025-02-20T17:51:14","slug":"le-conseil-detat-restera-competent-pour-controler-la-legalite-des-arretes-reglementaires-en-matiere-durbanisme-en-region-flamande-arret-de-la-cour-constitutionnelle-du-13-fevrier-2025-n22","status":"publish","type":"post","link":"https:\/\/www.hv-a.be\/de\/le-conseil-detat-restera-competent-pour-controler-la-legalite-des-arretes-reglementaires-en-matiere-durbanisme-en-region-flamande-arret-de-la-cour-constitutionnelle-du-13-fevrier-2025-n22\/","title":{"rendered":"Le Conseil d&#8217;Etat restera comp\u00e9tent pour contr\u00f4ler la l\u00e9galit\u00e9 des arr\u00eat\u00e9s r\u00e9glementaires en mati\u00e8re d&#8217;urbanisme en R\u00e9gion flamande &#8211; arr\u00eat de la Cour constitutionnelle du 13 f\u00e9vrier 2025 (n\u00b022\/2025)"},"content":{"rendered":"<p>Par un arr\u00eat du 13 f\u00e9vrier 2025 (n\u00b022\/2025), la Cour constitutionnelle a annul\u00e9 le d\u00e9cret de la R\u00e9gion flamande du 14 juillet 2023 \u00ab <em>modifiant le Code flamand de l\u2019Am\u00e9nagement du Territoire du 15 mai 2009, le d\u00e9cret du 4 avril 2014 relatif \u00e0 l\u2019organisation et \u00e0 la proc\u00e9dure de certaines juridictions administratives flamandes\u00a0 et le d\u00e9cret du 25 avril 2014 relatif aux projets complexes, en ce qui concerne l\u2019extension de la juridiction du Conseil du Contentieux des Permis<\/em> \u00bb.<\/p>\n<p>Ce d\u00e9cret soustrait \u00e0 la comp\u00e9tence du Conseil d&#8217;Etat les recours juridictionnels contre des arr\u00eat\u00e9s r\u00e8glementaires en mati\u00e8re d&#8217;urbanisme pour les confier au Conseil du Contentieux des Permis flamand.<\/p>\n<p>Pour le l\u00e9gislateur flamand, si la R\u00e9gion dispose d&#8217;une comp\u00e9tence, elle doit pouvoir r\u00e9gler la mati\u00e8re qui en ressort jusqu&#8217;aux juridictions qui traite des litiges y aff\u00e9rents. D\u00e8s lors, le d\u00e9cret pr\u00e9voit que l&#8217;ensemble du contentieux de l&#8217;urbanisme en Flandre \u00e9chappe \u00e0 la juridiction du conseil d&#8217;Etat.<\/p>\n<p>Dans sa d\u00e9cision, la Cour constitutionnelle rappelle que l&#8217;article 160 de la Constitution r\u00e9serve au l\u00e9gislateur f\u00e9d\u00e9ral la comp\u00e9tence de d\u00e9terminer la composition, la comp\u00e9tence et le fonctionnement du Conseil d&#8217;Etat et que l&#8217;article 161 dispose que la comp\u00e9tence d&#8217;\u00e9tablir des juridictions administratives incombe \u00e9galement au l\u00e9gislateur f\u00e9d\u00e9ral.<\/p>\n<p>Pour la Cour constitutionnelle, la centralisation de principe, devant le Conseil d\u2019\u00c9tat, de la comp\u00e9tence pour les recours juridictionnels en annulation d\u2019actes administratifs \u00e0 port\u00e9e r\u00e9glementaire constitue un principe fondamental reposant sur l\u2019article 160 de la Constitution au sens des travaux pr\u00e9paratoires de cet article de la Constitution (voyez le consid\u00e9rant B.9, alin\u00e9a 2 de l&#8217;arr\u00eat).<\/p>\n<p>Il en r\u00e9sulte que les communaut\u00e9s et les r\u00e9gions ne peuvent d\u00e9roger \u00e0 ce principe sans porter atteinte \u00e0 la condition de l\u2019incidence marginale sur les comp\u00e9tences f\u00e9d\u00e9rales qui est associ\u00e9e aux pouvoirs implicites.<\/p>\n<p>La Cour constitutionnelle en conclut que l&#8217;atteinte aux comp\u00e9tences f\u00e9d\u00e9rales n&#8217;est pas marginale et annule les dispositions attaqu\u00e9es.<\/p>\n<p>L&#8217;arr\u00eat n\u00b022\/2025 du 13 f\u00e9vrier de la Cour constitutionnelle est disponible via le lien\u00a0<a href=\"https:\/\/www.const-court.be\/public\/f\/2025\/2025-022f.pdf\">https:\/\/www.const-court.be\/public\/f\/2025\/2025-022f.pdf<\/a>.<\/p>\n","protected":false},"excerpt":{"rendered":"<p>Par un arr\u00eat du 13 f\u00e9vrier 2025 (n\u00b022\/2025), la Cour constitutionnelle a annul\u00e9 le d\u00e9cret de la R\u00e9gion flamande du 14 juillet 2023 \u00ab modifiant le Code flamand de l\u2019Am\u00e9nagement du Territoire du 15 mai 2009, le d\u00e9cret du 4 avril 2014 relatif \u00e0 l\u2019organisation et \u00e0 la proc\u00e9dure de certaines juridictions administratives flamandes\u00a0 et [&hellip;]<\/p>\n","protected":false},"author":3,"featured_media":11519,"comment_status":"closed","ping_status":"closed","sticky":false,"template":"","format":"standard","meta":{"_seopress_robots_primary_cat":"","_seopress_titles_title":"","_seopress_titles_desc":"","_seopress_robots_index":"","footnotes":""},"categories":[86,74],"tags":[],"class_list":["post-12208","post","type-post","status-publish","format-standard","has-post-thumbnail","hentry","category-evenement-de","category-press-de"],"_links":{"self":[{"href":"https:\/\/www.hv-a.be\/de\/wp-json\/wp\/v2\/posts\/12208","targetHints":{"allow":["GET"]}}],"collection":[{"href":"https:\/\/www.hv-a.be\/de\/wp-json\/wp\/v2\/posts"}],"about":[{"href":"https:\/\/www.hv-a.be\/de\/wp-json\/wp\/v2\/types\/post"}],"author":[{"embeddable":true,"href":"https:\/\/www.hv-a.be\/de\/wp-json\/wp\/v2\/users\/3"}],"replies":[{"embeddable":true,"href":"https:\/\/www.hv-a.be\/de\/wp-json\/wp\/v2\/comments?post=12208"}],"version-history":[{"count":2,"href":"https:\/\/www.hv-a.be\/de\/wp-json\/wp\/v2\/posts\/12208\/revisions"}],"predecessor-version":[{"id":12216,"href":"https:\/\/www.hv-a.be\/de\/wp-json\/wp\/v2\/posts\/12208\/revisions\/12216"}],"wp:featuredmedia":[{"embeddable":true,"href":"https:\/\/www.hv-a.be\/de\/wp-json\/wp\/v2\/media\/11519"}],"wp:attachment":[{"href":"https:\/\/www.hv-a.be\/de\/wp-json\/wp\/v2\/media?parent=12208"}],"wp:term":[{"taxonomy":"category","embeddable":true,"href":"https:\/\/www.hv-a.be\/de\/wp-json\/wp\/v2\/categories?post=12208"},{"taxonomy":"post_tag","embeddable":true,"href":"https:\/\/www.hv-a.be\/de\/wp-json\/wp\/v2\/tags?post=12208"}],"curies":[{"name":"wp","href":"https:\/\/api.w.org\/{rel}","templated":true}]}}