{"id":12270,"date":"2025-02-27T19:07:50","date_gmt":"2025-02-27T18:07:50","guid":{"rendered":"https:\/\/www.hv-a.be\/la-commission-europeenne-a-rendu-publique-ce-26-fevrier-2025-son-projet-de-directive-omnibus-dont-le-but-est-de-simplifier-les-regles-en-matiere-de-durabilite-et-dinvestissements-de-lue\/"},"modified":"2025-02-27T22:41:12","modified_gmt":"2025-02-27T21:41:12","slug":"la-commission-europeenne-a-rendu-publique-ce-26-fevrier-2025-son-projet-de-directive-omnibus-dont-le-but-est-de-simplifier-les-regles-en-matiere-de-durabilite-et-dinvestissements-de-lue","status":"publish","type":"post","link":"https:\/\/www.hv-a.be\/de\/la-commission-europeenne-a-rendu-publique-ce-26-fevrier-2025-son-projet-de-directive-omnibus-dont-le-but-est-de-simplifier-les-regles-en-matiere-de-durabilite-et-dinvestissements-de-lue\/","title":{"rendered":"La Commission europ\u00e9enne a rendu publique, ce 26 f\u00e9vrier 2025, ses projets de directive et de r\u00e8glement &#8222;omnibus&#8220; dont le but est de simplifier les r\u00e8gles en mati\u00e8re de durabilit\u00e9 et d&#8217;investissements de l&#8217;UE &#8211; vers un recul environnemental?"},"content":{"rendered":"<p>La Commission europ\u00e9enne a adopt\u00e9, ce 26 f\u00e9vrier 2025, un nouvel ensemble de propositions visant \u00e0 simplifier les r\u00e8gles de l&#8217;UE, \u00e0 stimuler la comp\u00e9titivit\u00e9 et \u00e0 lib\u00e9rer des capacit\u00e9s d&#8217;investissement suppl\u00e9mentaires.<\/p>\n<p>Sur le plan environnemental, ces propositions couvrent une simplification en profondeur dans les domaines de la publication d&#8217;informations en mati\u00e8re de finance durable, du devoir de vigilance en mati\u00e8re de durabilit\u00e9, de la taxinomie de l&#8217;UE, du m\u00e9canisme d&#8217;ajustement carbone aux fronti\u00e8res et des programmes d&#8217;investissement europ\u00e9ens.<\/p>\n<p><strong>Les principales modifications apport\u00e9es dans le domaine de la publication d&#8217;informations en mati\u00e8re de durabilit\u00e9 (CSRD et taxinomie de l&#8217;UE) seraient les suivantes:<\/strong><\/p>\n<ul>\n<li>sortir quelque 80 % des entreprises du champ d&#8217;application de la CSRD\u00a0;<\/li>\n<li>garantir que les obligations d&#8217;information en mati\u00e8re de durabilit\u00e9 impos\u00e9es aux grandes entreprises ne fassent pas peser de charge sur les petites entreprises de leurs cha\u00eenes de valeur;<\/li>\n<li>reporter de deux ans (\u00e0 2028) les obligations d&#8217;information pour les entreprises qui rel\u00e8vent actuellement du champ d&#8217;application de la CSRD et qui sont tenues de publier des informations \u00e0 partir de 2026 ou 2027;<\/li>\n<li>r\u00e9duire la charge li\u00e9e aux obligations de publier des informations en lien avec la taxinomie de l&#8217;UE et limiter ces obligations aux entreprises les plus grandes<\/li>\n<li>introduire la possibilit\u00e9 de publier des informations sur les activit\u00e9s qui sont partiellement align\u00e9es sur la taxinomie de l&#8217;UE;<\/li>\n<li>introduire un seuil d&#8217;importance financi\u00e8re pour la publication d&#8217;informations en lien avec la taxinomie et r\u00e9duire d&#8217;environ 70 % les mod\u00e8les \u00e0 utiliser pour publier ces informations;<\/li>\n<li>simplifier les crit\u00e8res les plus complexes du principe consistant \u00e0 \u00abne pas causer de pr\u00e9judice important\u00bb relatifs \u00e0 la pr\u00e9vention et au contr\u00f4le de la pollution li\u00e9e \u00e0 l&#8217;utilisation et \u00e0 la pr\u00e9sence de produits chimiques qui s&#8217;appliquent horizontalement \u00e0 tous les secteurs \u00e9conomiques dans le cadre de la taxinomie de l&#8217;UE;<\/li>\n<li>adapter, entre autres, le principal indicateur cl\u00e9 de performance fond\u00e9 sur la taxinomie pour les banques, \u00e0 savoir le ratio d&#8217;actifs verts (GAR).<\/li>\n<\/ul>\n<p><strong>Les principales modifications apport\u00e9es dans le domaine du devoir de vigilance en mati\u00e8re de durabilit\u00e9 seraient les suivantes:<\/strong><\/p>\n<ul>\n<li>simplifier les exigences relatives au devoir de vigilance en mati\u00e8re de durabilit\u00e9;<\/li>\n<li>r\u00e9duire les charges et les effets de retomb\u00e9e sur les PME et les petites entreprises \u00e0 moyenne capitalisation en limitant la quantit\u00e9 d&#8217;informations qui peuvent leur \u00eatre demand\u00e9es dans le cadre de la cartographie de la cha\u00eene de valeur par les grandes entreprises;<\/li>\n<li>poursuivre l&#8217;harmonisation des exigences relatives au devoir de vigilance;<\/li>\n<li>supprimer les conditions de la responsabilit\u00e9 civile pr\u00e9vues par l&#8217;UE tout en pr\u00e9servant le droit des victimes \u00e0 une indemnisation int\u00e9grale des dommages caus\u00e9s par le non-respect des r\u00e8gles;<\/li>\n<li>reporter au 26 juillet 2028 l&#8217;application des exigences relatives au devoir de vigilance en mati\u00e8re de durabilit\u00e9 pour les entreprises les plus grandes ;<\/li>\n<li>avancer \u00e0 juillet 2026 l&#8217;adoption des lignes directrices.<\/li>\n<\/ul>\n<p><strong>Les principales modifications apport\u00e9es au m\u00e9canisme d&#8217;ajustement carbone aux fronti\u00e8res (MACF) seraient les suivantes:<\/strong><\/p>\n<ul>\n<li>exon\u00e9rer les petits importateurs, principalement les PME et les particuliers, des obligations d\u00e9coulant du m\u00e9canisme d&#8217;ajustement carbone aux fronti\u00e8res (MACF) par l&#8217;introduction d&#8217;un nouveau seuil annuel cumul\u00e9 de d\u2019exon\u00e9ration de 50 tonnes par importateur\u00a0;<\/li>\n<li>Simplifier les r\u00e8gles applicables aux entreprises qui continuent de relever du champ d&#8217;application du m\u00e9canisme d&#8217;ajustement carbone aux fronti\u00e8res (MACF);<\/li>\n<li>rendre le m\u00e9canisme d&#8217;ajustement carbone aux fronti\u00e8res (MACF) plus efficace \u00e0 long terme, en renfor\u00e7ant les r\u00e8gles destin\u00e9es \u00e0 \u00e9viter les contournements et les abus. Cette simplification pr\u00e9c\u00e8de une future extension du m\u00e9canisme d&#8217;ajustement carbone aux fronti\u00e8res (MACF) aux produits en aval. Elle sera suivie d&#8217;une nouvelle proposition l\u00e9gislative concernant l&#8217;extension du champ d&#8217;application du m\u00e9canisme d&#8217;ajustement carbone aux fronti\u00e8res (MACF) au d\u00e9but de l&#8217;ann\u00e9e 2026.<\/li>\n<\/ul>\n<p>Pour prendre connaissance de la proposition de directive : <a href=\"https:\/\/commission.europa.eu\/document\/download\/892fa84e-d027-439b-8527-72669cc42844_en?filename=COM_2025_81_EN.pdf\">https:\/\/commission.europa.eu\/document\/download\/892fa84e-d027-439b-8527-72669cc42844_en?filename=COM_2025_81_EN.pdf<\/a>.<\/p>\n<p>Pour prendre connaissance de la proposition de r\u00e8glement :\u00a0<a href=\"https:\/\/commission.europa.eu\/document\/download\/58f5e2e3-e2c9-4149-9fd6-648490c9e7fe_en?filename=COM_2025_84_EN.pdf\">https:\/\/commission.europa.eu\/document\/download\/58f5e2e3-e2c9-4149-9fd6-648490c9e7fe_en?filename=COM_2025_84_EN.pdf<\/a><\/p>\n","protected":false},"excerpt":{"rendered":"<p>La Commission europ\u00e9enne a adopt\u00e9, ce 26 f\u00e9vrier 2025, un nouvel ensemble de propositions visant \u00e0 simplifier les r\u00e8gles de l&#8217;UE, \u00e0 stimuler la comp\u00e9titivit\u00e9 et \u00e0 lib\u00e9rer des capacit\u00e9s d&#8217;investissement suppl\u00e9mentaires. Sur le plan environnemental, ces propositions couvrent une simplification en profondeur dans les domaines de la publication d&#8217;informations en mati\u00e8re de finance durable, [&hellip;]<\/p>\n","protected":false},"author":3,"featured_media":10523,"comment_status":"closed","ping_status":"closed","sticky":false,"template":"","format":"standard","meta":{"_seopress_robots_primary_cat":"","_seopress_titles_title":"","_seopress_titles_desc":"","_seopress_robots_index":"","footnotes":""},"categories":[86,74],"tags":[],"class_list":["post-12270","post","type-post","status-publish","format-standard","has-post-thumbnail","hentry","category-evenement-de","category-press-de"],"_links":{"self":[{"href":"https:\/\/www.hv-a.be\/de\/wp-json\/wp\/v2\/posts\/12270","targetHints":{"allow":["GET"]}}],"collection":[{"href":"https:\/\/www.hv-a.be\/de\/wp-json\/wp\/v2\/posts"}],"about":[{"href":"https:\/\/www.hv-a.be\/de\/wp-json\/wp\/v2\/types\/post"}],"author":[{"embeddable":true,"href":"https:\/\/www.hv-a.be\/de\/wp-json\/wp\/v2\/users\/3"}],"replies":[{"embeddable":true,"href":"https:\/\/www.hv-a.be\/de\/wp-json\/wp\/v2\/comments?post=12270"}],"version-history":[{"count":4,"href":"https:\/\/www.hv-a.be\/de\/wp-json\/wp\/v2\/posts\/12270\/revisions"}],"predecessor-version":[{"id":12286,"href":"https:\/\/www.hv-a.be\/de\/wp-json\/wp\/v2\/posts\/12270\/revisions\/12286"}],"wp:featuredmedia":[{"embeddable":true,"href":"https:\/\/www.hv-a.be\/de\/wp-json\/wp\/v2\/media\/10523"}],"wp:attachment":[{"href":"https:\/\/www.hv-a.be\/de\/wp-json\/wp\/v2\/media?parent=12270"}],"wp:term":[{"taxonomy":"category","embeddable":true,"href":"https:\/\/www.hv-a.be\/de\/wp-json\/wp\/v2\/categories?post=12270"},{"taxonomy":"post_tag","embeddable":true,"href":"https:\/\/www.hv-a.be\/de\/wp-json\/wp\/v2\/tags?post=12270"}],"curies":[{"name":"wp","href":"https:\/\/api.w.org\/{rel}","templated":true}]}}