{"id":12590,"date":"2025-04-11T02:06:58","date_gmt":"2025-04-11T00:06:58","guid":{"rendered":"https:\/\/www.hv-a.be\/adoption-par-le-gouvernement-wallon-ce-10-avril-2024-dun-arrete-modifiant-la-liste-des-actes-et-travaux-exoneres-de-permis-durbanisme-ces-nouvelles-exonerations-entreront-en-vigueur-le-1er-mai-2\/"},"modified":"2025-04-11T02:33:04","modified_gmt":"2025-04-11T00:33:04","slug":"adoption-par-le-gouvernement-wallon-ce-10-avril-2024-dun-arrete-modifiant-la-liste-des-actes-et-travaux-exoneres-de-permis-durbanisme-ces-nouvelles-exonerations-entreront-en-vigueur-le-1er-mai-2","status":"publish","type":"post","link":"https:\/\/www.hv-a.be\/de\/adoption-par-le-gouvernement-wallon-ce-10-avril-2024-dun-arrete-modifiant-la-liste-des-actes-et-travaux-exoneres-de-permis-durbanisme-ces-nouvelles-exonerations-entreront-en-vigueur-le-1er-mai-2\/","title":{"rendered":"Adoption par le Gouvernement wallon ce 10 avril 2024 d&#8217;un arr\u00eat\u00e9 modifiant la partie r\u00e9glementaire du Code du d\u00e9veloppement territorial et la liste des actes et travaux exon\u00e9r\u00e9s de permis d&#8217;urbanisme &#8211; ces nouvelles exon\u00e9rations entreront en vigueur le 1er mai 2025"},"content":{"rendered":"<div class=\"TUUICgGrRsVNvWDylUlsexHfGWqVkVMhvs\" tabindex=\"0\">\n<div class=\"feed-shared-inline-show-more-text feed-shared-update-v2__description feed-shared-inline-show-more-text--minimal-padding feed-shared-inline-show-more-text--3-lines feed-shared-inline-show-more-text--expanded \" tabindex=\"-1\" data-artdeco-is-focused=\"true\">\n<div class=\"update-components-text relative update-components-update-v2__commentary \" dir=\"ltr\"><span class=\"break-words tvm-parent-container\"><span dir=\"ltr\">Le gouvernement wallon a adopt\u00e9, ce jeudi, l\u2019arr\u00eat\u00e9 modifiant une partie du Code de d\u00e9veloppement territorial (CoDT).<\/span><\/span><\/div>\n<div dir=\"ltr\"><\/div>\n<div class=\"update-components-text relative update-components-update-v2__commentary \" dir=\"ltr\"><span class=\"break-words tvm-parent-container\"><span dir=\"ltr\">Cet arr\u00eat\u00e9 modifie la liste des actes et travaux exon\u00e9r\u00e9s de permis d\u2019urbanisme en R\u00e9gion wallonne.\u00a0 Il entrera en vigueur le 1er mai prochain.<\/span><\/span><\/div>\n<\/div>\n<\/div>\n<div dir=\"ltr\"><\/div>\n<div dir=\"ltr\">Les actes et travaux suivants seront exon\u00e9r\u00e9s de permis d&#8217;urbanisme :<\/div>\n<div dir=\"ltr\">\n<p class=\"text-align-justify\"><span lang=\"FR\">&#8211; L&#8217;installation de volets, de grillages ou de garde-corps non visibles depuis le domaine public<\/span><\/p>\n<p class=\"text-align-justify\"><span lang=\"FR\">&#8211; L\u2019ouverture, la modification, l\u2019obturation de baies en toit plat,<\/span><\/p>\n<p class=\"text-align-justify\"><span lang=\"FR\">&#8211; La construction d\u2019un abri pour v\u00e9los con\u00e7u avec des barri\u00e8res l\u00e9g\u00e8res en m\u00e9tal ou en bois,\u00a0<\/span><\/p>\n<p class=\"text-align-justify\"><span lang=\"FR\">&#8211; Le placement d\u2019infrastructures couvertes de stationnement pour les engins de mobilit\u00e9 active (v\u00e9los,\u2026) de 60m\u00b2 maximum en domaine public comme priv\u00e9,<\/span><\/p>\n<p class=\"text-align-justify\"><span lang=\"FR\">&#8211; L\u2019installation des terrasses pour l\u2019HoReCa (superficie port\u00e9e de 50 \u00e0 100 m\u00b2),<\/span><\/p>\n<p class=\"text-align-justify\"><span lang=\"FR\">&#8211; La r\u00e9fection ou l&#8217;am\u00e9nagement,\u00a0<\/span><span lang=\"FR\">des berges\u00a0<\/span><span lang=\"FR\">et du lit mineur des cours d\u2019eau<\/span><span lang=\"FR\">\u00a0apr\u00e8s une calamit\u00e9 naturelle (dans un d\u00e9lai de 5 ans),<\/span><\/p>\n<p class=\"text-align-justify\"><span lang=\"FR\">&#8211; L&#8217;installation de modules de production d&#8217;\u00e9lectricit\u00e9 ou de chaleur \u00e0 partir de l&#8217;\u00e9nergie solaire tant pour les b\u00e2timents que pour les structures artificielles existantes (panneaux solaires sur les toits ou au sol dans certaines zones),<\/span><\/p>\n<p class=\"text-align-justify\"><span lang=\"FR\">&#8211; L&#8217;installation de pompes \u00e0 chaleur en zone d\u2019activit\u00e9 \u00e9conomique,<\/span><\/p>\n<p class=\"text-align-justify\"><span lang=\"FR\">&#8211; L\u2019\u00e9tablissement d\u2019un point de vente pour une dur\u00e9e maximum de 6 mois non renouvelables, en vue d\u2019occuper des cellules vides, d\u2019attirer de nouveaux types de chalands ou de tester de nouveaux concepts,<\/span><\/p>\n<p class=\"text-align-justify\"><span lang=\"FR\">&#8211; Etc.<\/span><\/p>\n<p>&nbsp;<\/p>\n<p class=\"text-align-justify MsoNormal\">La construction de cl\u00f4tures en zones inondables d\u2019al\u00e9a \u00e9lev\u00e9\u00a0(qui peut \u00eatre la cause d\u2019emb\u00e2cles lors de crues) sera d\u00e9sormais\u00a0soumise \u00e0 un permis.<\/p>\n<\/div>\n<p>L&#8217;arr\u00eat\u00e9 comprend certaines\u00a0 mesures sp\u00e9cifiques pour les travaux r\u00e9alis\u00e9s dans les zones \u00e0 risque d&#8217;inondations afin d\u2019am\u00e9liorer la s\u00e9curit\u00e9 tout en \u00e9vitant de complexifier inutilement les proc\u00e9dures pour les zones non concern\u00e9es.<\/p>\n<div dir=\"ltr\">Le communiqu\u00e9 de presse du Gouvernement wallon sur le sujet est disponible via le lien suivant : <a href=\"https:\/\/www.wallonie.be\/fr\/acteurs-et-institutions\/wallonie\/gouvernement-de-wallonie\/communiques-presse\/2025-04-10#paragraph--2980\">https:\/\/www.wallonie.be\/fr\/acteurs-et-institutions\/wallonie\/gouvernement-de-wallonie\/communiques-presse\/2025-04-10#paragraph&#8211;2980<\/a><\/div>\n<div class=\"update-components-image update-components-image--single-image feed-shared-update-v2__content\">\n<div class=\"update-components-image__container-wrapper relative\">\n<div class=\"update-components-image__container \"><\/div>\n<\/div>\n<\/div>\n","protected":false},"excerpt":{"rendered":"<p>Le gouvernement wallon a adopt\u00e9, ce jeudi, l\u2019arr\u00eat\u00e9 modifiant une partie du Code de d\u00e9veloppement territorial (CoDT). Cet arr\u00eat\u00e9 modifie la liste des actes et travaux exon\u00e9r\u00e9s de permis d\u2019urbanisme en R\u00e9gion wallonne.\u00a0 Il entrera en vigueur le 1er mai prochain. Les actes et travaux suivants seront exon\u00e9r\u00e9s de permis d&#8217;urbanisme : &#8211; L&#8217;installation de [&hellip;]<\/p>\n","protected":false},"author":3,"featured_media":10734,"comment_status":"closed","ping_status":"closed","sticky":false,"template":"","format":"standard","meta":{"_seopress_robots_primary_cat":"none","_seopress_titles_title":"","_seopress_titles_desc":"","_seopress_robots_index":"","footnotes":""},"categories":[86,74],"tags":[],"class_list":["post-12590","post","type-post","status-publish","format-standard","has-post-thumbnail","hentry","category-evenement-de","category-press-de"],"_links":{"self":[{"href":"https:\/\/www.hv-a.be\/de\/wp-json\/wp\/v2\/posts\/12590","targetHints":{"allow":["GET"]}}],"collection":[{"href":"https:\/\/www.hv-a.be\/de\/wp-json\/wp\/v2\/posts"}],"about":[{"href":"https:\/\/www.hv-a.be\/de\/wp-json\/wp\/v2\/types\/post"}],"author":[{"embeddable":true,"href":"https:\/\/www.hv-a.be\/de\/wp-json\/wp\/v2\/users\/3"}],"replies":[{"embeddable":true,"href":"https:\/\/www.hv-a.be\/de\/wp-json\/wp\/v2\/comments?post=12590"}],"version-history":[{"count":2,"href":"https:\/\/www.hv-a.be\/de\/wp-json\/wp\/v2\/posts\/12590\/revisions"}],"predecessor-version":[{"id":12598,"href":"https:\/\/www.hv-a.be\/de\/wp-json\/wp\/v2\/posts\/12590\/revisions\/12598"}],"wp:featuredmedia":[{"embeddable":true,"href":"https:\/\/www.hv-a.be\/de\/wp-json\/wp\/v2\/media\/10734"}],"wp:attachment":[{"href":"https:\/\/www.hv-a.be\/de\/wp-json\/wp\/v2\/media?parent=12590"}],"wp:term":[{"taxonomy":"category","embeddable":true,"href":"https:\/\/www.hv-a.be\/de\/wp-json\/wp\/v2\/categories?post=12590"},{"taxonomy":"post_tag","embeddable":true,"href":"https:\/\/www.hv-a.be\/de\/wp-json\/wp\/v2\/tags?post=12590"}],"curies":[{"name":"wp","href":"https:\/\/api.w.org\/{rel}","templated":true}]}}