{"id":12681,"date":"2025-04-24T12:16:55","date_gmt":"2025-04-24T10:16:55","guid":{"rendered":"https:\/\/www.hv-a.be\/intervention-de-maitre-guillaume-de-smet-dans-le-cadre-dun-colloque-sur-le-theme-incidences-des-regles-du-droit-civil-en-droit-de-lurbanisme\/"},"modified":"2025-04-28T13:03:52","modified_gmt":"2025-04-28T11:03:52","slug":"intervention-de-maitre-guillaume-de-smet-dans-le-cadre-dun-colloque-sur-le-theme-incidences-des-regles-du-droit-civil-en-droit-de-lurbanisme","status":"publish","type":"post","link":"https:\/\/www.hv-a.be\/de\/intervention-de-maitre-guillaume-de-smet-dans-le-cadre-dun-colloque-sur-le-theme-incidences-des-regles-du-droit-civil-en-droit-de-lurbanisme\/","title":{"rendered":"Organisation d&#8217;un colloque sur le th\u00e8me &#8220; Incidences des r\u00e8gles du droit civil en droit de l\u2019urbanisme\u200b\u200b\u200b\u200b\u200b\u200b\u200b &#8220; organis\u00e9 \u00e0 Bruxelles, le 5 juin 2025, par la Conf\u00e9rence du Jeune Barreau de Bruxelles"},"content":{"rendered":"<p>A l&#8217;invitation de la Conf\u00e9rence du Jeune Barreau de Bruxelles qui organise un colloque sur le th\u00e8me &#8220; Incidences des r\u00e8gles du droit civil en droit de l\u2019urbanisme\u200b\u200b\u200b\u200b\u200b\u200b\u200b&#8220;, Ma\u00eetre De Smet r\u00e9digera, avec Monsieur\u00a0 Arnaud Drouguet, une contribution sur un sujet d&#8217;actualit\u00e9 &#8220; <em>La police de l\u2019urbanisme en mati\u00e8re de contrats de vente et de bail immobiliers &amp; les bonnes pratiques&#8220;.<\/em><\/p>\n<p>Le programme du colloque est le suivant :<\/p>\n<p><strong>13h00 \u2013 Accueil des participants et introduction<\/strong><\/p>\n<p><strong>13h15 \u2013 13h35 :<\/strong>\u00a0<em>Les troubles du voisinage en pr\u00e9sence d\u2019une autorisation administrative<\/em><\/p>\n<p>Laurent DELMOTTE et Marie-C\u00e9cile FLAMENT<\/p>\n<p><strong>13h35 \u2013 13h55 :<\/strong>\u00a0<em>Autorisations urbanistiques et droits civils des tiers : \u00e9tat de la question<\/em><\/p>\n<p>Fabrice EVRARD et Ga\u00ebtan VANHAMME<\/p>\n<p><strong>13h55 \u2013 14h15 :<\/strong>\u00a0<em>Le bornage et le droit de l\u2019urbanisme \u00e0 l\u2019aune du Livre III du Code civil. Regards crois\u00e9s : de la th\u00e9orie \u00e0 la pratique<\/em><\/p>\n<p>Gabriel RODRIGUES, Constantin RODRIGUES et Lancelot JACOB<\/p>\n<p><strong>14h15 \u2013 14h35 :<\/strong>\u00a0<em>La copropri\u00e9t\u00e9 et le permis d\u2019urbanisme<\/em><\/p>\n<p>Mathias DERUYVER et Sophia AZZOUG<\/p>\n<p><strong>\u00a0<\/strong><\/p>\n<p><strong>14h35 \u2013 14h55 :<\/strong>\u00a0<em>Questions de responsabilit\u00e9 civile des intervenants et des autorit\u00e9s d\u00e9livrantes dans l\u2019octroi et la mise en \u0153uvre des permis d\u2019urbanisme<\/em><\/p>\n<p>Charles DEVILLERS et Caroline MARCHAL<\/p>\n<p><strong>14h55 \u2013 15h15 : Pause<\/strong><\/p>\n<p><strong>15h15 \u2013 15h35 :<\/strong>\u00a0<em>La police de l\u2019urbanisme en mati\u00e8re de contrats de vente et de bail immobiliers &amp; les bonnes pratiques<\/em><\/p>\n<p>Guillaume DE SMET et Arnaud DROUGUET<\/p>\n<p><strong>15h35 \u2013 15h55 :<\/strong>\u00a0<em>Urbanisme et m\u00e9diation : utopie ou r\u00e9alit\u00e9 ?<\/em><\/p>\n<p>Brieuc PETRE et Sophie TURINE<\/p>\n<p><strong>15h55 \u2013 16h15 :<\/strong>\u00a0<em>L\u2019impact du droit d\u2019auteur et de la protection des donn\u00e9es (RGPD) sur les proc\u00e9dures d\u2019urbanisme<\/em><\/p>\n<p>Alexandre CRUQUENAIRE et Fleur LAMBERT<\/p>\n<p><strong>16h15 \u2013 16h30 : Conclusion et \u00e9changes avec les participants<\/strong><\/p>\n<p><strong>18h00 : Cl\u00f4ture du colloque<\/strong><\/p>\n<p>Les informations et les modalit\u00e9s d&#8217;inscription sont disponible via le lien suivant :\u00a0<a href=\"https:\/\/www.cjbb.be\/produit\/incidences-des-regles-du-droit-civil-en-droit-de-lurbanisme\/\">https:\/\/www.cjbb.be\/produit\/incidences-des-regles-du-droit-civil-en-droit-de-lurbanisme\/<\/a>.<\/p>\n<p>&nbsp;<\/p>\n","protected":false},"excerpt":{"rendered":"<p>A l&#8217;invitation de la Conf\u00e9rence du Jeune Barreau de Bruxelles qui organise un colloque sur le th\u00e8me &#8220; Incidences des r\u00e8gles du droit civil en droit de l\u2019urbanisme\u200b\u200b\u200b\u200b\u200b\u200b\u200b&#8220;, Ma\u00eetre De Smet r\u00e9digera, avec Monsieur\u00a0 Arnaud Drouguet, une contribution sur un sujet d&#8217;actualit\u00e9 &#8220; La police de l\u2019urbanisme en mati\u00e8re de contrats de vente et de [&hellip;]<\/p>\n","protected":false},"author":3,"featured_media":10263,"comment_status":"closed","ping_status":"closed","sticky":false,"template":"","format":"standard","meta":{"_seopress_robots_primary_cat":"none","_seopress_titles_title":"","_seopress_titles_desc":"","_seopress_robots_index":"","footnotes":""},"categories":[71,83],"tags":[],"class_list":["post-12681","post","type-post","status-publish","format-standard","has-post-thumbnail","hentry","category-conference-de","category-formation-de"],"_links":{"self":[{"href":"https:\/\/www.hv-a.be\/de\/wp-json\/wp\/v2\/posts\/12681","targetHints":{"allow":["GET"]}}],"collection":[{"href":"https:\/\/www.hv-a.be\/de\/wp-json\/wp\/v2\/posts"}],"about":[{"href":"https:\/\/www.hv-a.be\/de\/wp-json\/wp\/v2\/types\/post"}],"author":[{"embeddable":true,"href":"https:\/\/www.hv-a.be\/de\/wp-json\/wp\/v2\/users\/3"}],"replies":[{"embeddable":true,"href":"https:\/\/www.hv-a.be\/de\/wp-json\/wp\/v2\/comments?post=12681"}],"version-history":[{"count":5,"href":"https:\/\/www.hv-a.be\/de\/wp-json\/wp\/v2\/posts\/12681\/revisions"}],"predecessor-version":[{"id":12720,"href":"https:\/\/www.hv-a.be\/de\/wp-json\/wp\/v2\/posts\/12681\/revisions\/12720"}],"wp:featuredmedia":[{"embeddable":true,"href":"https:\/\/www.hv-a.be\/de\/wp-json\/wp\/v2\/media\/10263"}],"wp:attachment":[{"href":"https:\/\/www.hv-a.be\/de\/wp-json\/wp\/v2\/media?parent=12681"}],"wp:term":[{"taxonomy":"category","embeddable":true,"href":"https:\/\/www.hv-a.be\/de\/wp-json\/wp\/v2\/categories?post=12681"},{"taxonomy":"post_tag","embeddable":true,"href":"https:\/\/www.hv-a.be\/de\/wp-json\/wp\/v2\/tags?post=12681"}],"curies":[{"name":"wp","href":"https:\/\/api.w.org\/{rel}","templated":true}]}}