{"id":12831,"date":"2025-05-06T13:13:21","date_gmt":"2025-05-06T11:13:21","guid":{"rendered":"https:\/\/www.hv-a.be\/dans-un-arret-du-6-mai-2025-l-f-et-autres-c-italie-la-cour-europeenne-des-droits-de-lhomme-condamne-litalie-pour-ne-pas-avoir-pris-les-mesures-necessaires-pour-proteger-les-popul\/"},"modified":"2025-05-07T09:58:12","modified_gmt":"2025-05-07T07:58:12","slug":"dans-un-arret-du-6-mai-2025-l-f-et-autres-c-italie-la-cour-europeenne-des-droits-de-lhomme-condamne-litalie-pour-ne-pas-avoir-pris-les-mesures-necessaires-pour-proteger-les-popul","status":"publish","type":"post","link":"https:\/\/www.hv-a.be\/de\/dans-un-arret-du-6-mai-2025-l-f-et-autres-c-italie-la-cour-europeenne-des-droits-de-lhomme-condamne-litalie-pour-ne-pas-avoir-pris-les-mesures-necessaires-pour-proteger-les-popul\/","title":{"rendered":"Par arr\u00eat du 6 mai 2025 (L.F. et autres c. Italie) la Cour europ\u00e9enne des droits de l\u2019Homme condamne l\u2019Italie pour ne pas avoir pris les mesures n\u00e9cessaires pour prot\u00e9ger les populations contre la pollution provenant d\u2019une fonderie depuis 2006 (violation de l\u2019article 8 de la convention \u2013 droit au respect de la vie priv\u00e9e )"},"content":{"rendered":"<p>Par arr\u00eat du 6 mai 2025 (L.F. et autres c. Italie) la Cour europ\u00e9enne des droits de l\u2019Homme condamne l\u2019Italie pour ne pas avoir pris les mesures n\u00e9cessaires pour prot\u00e9ger les populations contre la pollution provenant d\u2019une fonderie depuis 2006 (violation de l\u2019article 8 de la convention \u2013 droit au respect de la vie priv\u00e9e ).<\/p>\n<p>Les requ\u00e9rants sont 153 ressortissants italiens r\u00e9sidant \u00e0 Baronissi, Pellezzano et Salerne (Italie).<\/p>\n<p>L&#8217;affaire concerne la pollution caus\u00e9e par une fonderie situ\u00e9e \u00e0 proximit\u00e9 du domicile des requ\u00e9rants dans la commune de Salerne exploit\u00e9e depuis 1960. En 2006, la zone industrielle o\u00f9 elle \u00e9tait situ\u00e9e fut class\u00e9e zone r\u00e9sidentielle, sous r\u00e9serve de la d\u00e9localisation de cette usine.<\/p>\n<p>Aucune d\u00e9localisation n\u2019a eu lieu, mais la zone fut n\u00e9anmoins ouverte \u00e0 l&#8217;urbanisation r\u00e9sidentielle.<\/p>\n<p>La fonderie a fait l&#8217;objet de nombreuses inspections et proc\u00e9dures administratives et p\u00e9nales qui constat\u00e8rent toutes des lacunes dans son fonctionnement. \u00c0 partir de 2016, les autorit\u00e9s prirent des mesures, accompagn\u00e9es d&#8217;un suivi, afin de r\u00e9duire le plus possible les effets n\u00e9fastes de la fonderie sur l&#8217;environnement et sur la sant\u00e9 de la population locale.<\/p>\n<p>Les requ\u00e9rants invoquent les articles 2 (droit \u00e0 la vie) et 8 (droit au respect de la vie priv\u00e9e et familiale), et font \u00e9tat que l\u2019autorisation par l&#8217;\u00c9tat du d\u00e9veloppement r\u00e9sidentiel autour de la fonderie et le manquement de ce dernier \u00e0 prendre les mesures n\u00e9cessaires contre la pollution a caus\u00e9 un pr\u00e9judice grave \u00e0 l&#8217;environnement, mis en danger leur vie et leur sant\u00e9 et port\u00e9 atteinte \u00e0 leur bien-\u00eatre personnel. Plusieurs d\u2019entre eux font sp\u00e9cifiquement valoir qu&#8217;ils souffrent de maladies cardiovasculaires, respiratoires et neurologiques.<\/p>\n<p>Les requ\u00e9rants all\u00e8guent \u00e9galement que les autorit\u00e9s ont manqu\u00e9 \u00e0 les informer des risques de vivre dans les alentours de l&#8217;usine et \u00e0 les associer au processus d\u00e9cisionnel concernant l&#8217;autorisation de son exploitation.<\/p>\n<p>La Cour consid\u00e8re que les autorit\u00e9s nationales italiennes ont \u00e9t\u00e9 incapables de prendre prendre toutes les mesures n\u00e9cessaires pour assurer la protection effective des droits des demandeurs et particuli\u00e8rement des personnes, vivant dans un rayon de six kilom\u00e8tres de la centrale, plus vuln\u00e9rable aux maladies dues \u00e0 la pollution et ce, malgr\u00e9 les effets tangibles des mesures prises pour l\u2019apr\u00e8s-2016 visant \u00e0 r\u00e9duire les effets n\u00e9fastes de l\u2019exploitation de la fonderie.<\/p>\n<p>La Cour observe qu\u2019apr\u00e8s la publication du d\u00e9cret n\u00b0 85\/2020, les demandeurs ont continu\u00e9 \u00e0 signaler des \u00e9missions naus\u00e9abondes et fum\u00e9es confirm\u00e9es dans un rapport du 18 juillet 2022. La Cour note \u00e9galement que dans ce rapport, l\u2019impact sur la population locale n\u2019\u00e9tait pas n\u00e9cessairement li\u00e9 \u00e0 des lacunes, mais a \u00e9t\u00e9 trait\u00e9 davantage comme un \u00e9v\u00e9nement potentiellement ordinaire, compte tenu de l\u2019\u00e2ge de l\u2019usine et de son emplacement actuel dans une r\u00e9gion dens\u00e9ment peupl\u00e9e.<\/p>\n<p>La Cour note que les activit\u00e9s de surveillance men\u00e9es \u00e0 la suite de la promulgation du d\u00e9cret n\u00b0 85\/2020 se r\u00e9f\u00e9raient aux limites l\u00e9gislatives pour les zones industrielles et non aux niveaux inf\u00e9rieurs \u00e9tablis par le droit national pour les zones r\u00e9sidentielles.<\/p>\n<p>La Cour estime que, m\u00eame apr\u00e8s la promulgation du d\u00e9cret n\u00b0 85\/2020, un juste \u00e9quilibre a \u00e9t\u00e9 mis entre, d\u2019une part, l\u2019int\u00e9r\u00eat des requ\u00e9rants \u00e0 ne pas souffrir atteintes graves \u00e0 l\u2019environnement qui pourraient affecter leur vie priv\u00e9e et, sur le l\u2019autre, l\u2019int\u00e9r\u00eat de la soci\u00e9t\u00e9 dans son ensemble.<\/p>\n<p>Pour ces raisons, la Cour\u00a0:<\/p>\n<p>Dit, \u00e0 l\u2019unanimit\u00e9, \u00e0 l\u2019unanimit\u00e9, qu\u2019il y a eu violation de l\u2019article 8 de la Convention;<br \/>\nDit, par six voix contre une, que la constatation d\u2019une violation constitue<br \/>\nsuffisait \u00e0 titre \u00e9quitable pour couvrir le pr\u00e9judice moral subi par les demandeurs\u00a0;<\/p>\n<p>L\u2019Italie doit en outre doit verser aux requ\u00e9rants, conjointement, dans un d\u00e9lai trois mois \u00e0 compter de la date \u00e0 laquelle le jugement est devenu d\u00e9finitif en conform\u00e9ment \u00e0 l\u2019article 44 \u00a7 2 de la Convention\u00a0:<\/p>\n<p>(i) 1.700 euros (mille sept cents euros), \u00e0 titre de frais et d\u00e9pens encourus devant les juridictions nationales;<br \/>\n(ii) 7.000 euros (sept mille euros), au titre des frais et d\u00e9pens encourus devant la Cour.<\/p>\n<p>La Cour ne fait pas droit \u00e0 la demande des requ\u00e9rants d\u2019indiquer \u00e0 l\u2019Italie les mesures pour r\u00e9duire la pollution, une violation de la Convention imposant \u00e0 l&#8217;\u00c9tat d\u00e9fendeur l&#8217;obligation de choisir les mesures g\u00e9n\u00e9rales \u00e0 adopter dans son ordre juridique interne pour mettre fin \u00e0 la violation constat\u00e9e par la Cour et en corriger autant que possible les effets. La Cour n\u2019indique qu\u2019exceptionnellement le type de mesures g\u00e9n\u00e9rales qui pourraient \u00eatre prises pour mettre fin \u00e0 la situation constat\u00e9e.<\/p>\n<p>L&#8217;arr\u00eat est consultable via le lien suivant :\u00a0<a href=\"file:\/\/\/C:\/Users\/Beno%C3%AEt%20Havet\/Downloads\/Arr%C3%AAts%20du%2006.05.2025%20(3).pdf\">file:\/\/\/C:\/Users\/Beno%C3%AEt%20Havet\/Downloads\/Arr%C3%AAts%20du%2006.05.2025%20(3).pdf<\/a>.<\/p>\n","protected":false},"excerpt":{"rendered":"<p>Par arr\u00eat du 6 mai 2025 (L.F. et autres c. Italie) la Cour europ\u00e9enne des droits de l\u2019Homme condamne l\u2019Italie pour ne pas avoir pris les mesures n\u00e9cessaires pour prot\u00e9ger les populations contre la pollution provenant d\u2019une fonderie depuis 2006 (violation de l\u2019article 8 de la convention \u2013 droit au respect de la vie priv\u00e9e [&hellip;]<\/p>\n","protected":false},"author":3,"featured_media":12827,"comment_status":"closed","ping_status":"closed","sticky":false,"template":"","format":"standard","meta":{"_seopress_robots_primary_cat":"none","_seopress_titles_title":"","_seopress_titles_desc":"","_seopress_robots_index":"","footnotes":""},"categories":[86,74],"tags":[],"class_list":["post-12831","post","type-post","status-publish","format-standard","has-post-thumbnail","hentry","category-evenement-de","category-press-de"],"_links":{"self":[{"href":"https:\/\/www.hv-a.be\/de\/wp-json\/wp\/v2\/posts\/12831","targetHints":{"allow":["GET"]}}],"collection":[{"href":"https:\/\/www.hv-a.be\/de\/wp-json\/wp\/v2\/posts"}],"about":[{"href":"https:\/\/www.hv-a.be\/de\/wp-json\/wp\/v2\/types\/post"}],"author":[{"embeddable":true,"href":"https:\/\/www.hv-a.be\/de\/wp-json\/wp\/v2\/users\/3"}],"replies":[{"embeddable":true,"href":"https:\/\/www.hv-a.be\/de\/wp-json\/wp\/v2\/comments?post=12831"}],"version-history":[{"count":1,"href":"https:\/\/www.hv-a.be\/de\/wp-json\/wp\/v2\/posts\/12831\/revisions"}],"predecessor-version":[{"id":12843,"href":"https:\/\/www.hv-a.be\/de\/wp-json\/wp\/v2\/posts\/12831\/revisions\/12843"}],"wp:featuredmedia":[{"embeddable":true,"href":"https:\/\/www.hv-a.be\/de\/wp-json\/wp\/v2\/media\/12827"}],"wp:attachment":[{"href":"https:\/\/www.hv-a.be\/de\/wp-json\/wp\/v2\/media?parent=12831"}],"wp:term":[{"taxonomy":"category","embeddable":true,"href":"https:\/\/www.hv-a.be\/de\/wp-json\/wp\/v2\/categories?post=12831"},{"taxonomy":"post_tag","embeddable":true,"href":"https:\/\/www.hv-a.be\/de\/wp-json\/wp\/v2\/tags?post=12831"}],"curies":[{"name":"wp","href":"https:\/\/api.w.org\/{rel}","templated":true}]}}