{"id":13785,"date":"2025-10-24T13:01:40","date_gmt":"2025-10-24T11:01:40","guid":{"rendered":"https:\/\/www.hv-a.be\/la-cour-de-justice-de-lunion-europeenne-a-considere-dans-un-arret-du-23-octobre-2025-affaire-n-c-760-23-a-considere-que-larticle-9-paragraphe-3-de-la-directive-2012-27-ue\/"},"modified":"2025-10-24T13:01:40","modified_gmt":"2025-10-24T11:01:40","slug":"la-cour-de-justice-de-lunion-europeenne-a-considere-dans-un-arret-du-23-octobre-2025-affaire-n-c-760-23-a-considere-que-larticle-9-paragraphe-3-de-la-directive-2012-27-ue","status":"publish","type":"post","link":"https:\/\/www.hv-a.be\/de\/la-cour-de-justice-de-lunion-europeenne-a-considere-dans-un-arret-du-23-octobre-2025-affaire-n-c-760-23-a-considere-que-larticle-9-paragraphe-3-de-la-directive-2012-27-ue\/","title":{"rendered":"La Cour de justice de l\u2019Union europ\u00e9enne a consid\u00e9r\u00e9, dans un arr\u00eat du 23 octobre 2025 (affaire n\u00b0 C 760\/23) a consid\u00e9r\u00e9 que L\u2019article 9, paragraphe 3, de la directive 2012\/27\/UE du Parlement europ\u00e9en et du Conseil, du 25 octobre 2012, relative \u00e0 l\u2019efficacit\u00e9 \u00e9nerg\u00e9tique ne s\u2019oppose pas \u00e0 une r\u00e9glementation nationale en vertu de laquelle le propri\u00e9taire d\u2019un appartement au sein d\u2019un immeuble en copropri\u00e9t\u00e9 est tenu de s\u2019acquitter des frais qui lui sont factur\u00e9s au titre de l\u2019\u00e9nergie thermique \u00e9mise par l\u2019ensemble des conduits et des installations de distribution et de fourniture d\u2019\u00e9nergie thermique \u00e0 l\u2019int\u00e9rieur du b\u00e2timent, y compris lorsque les cages d\u2019escaliers et les couloirs du b\u00e2timent ne sont pas \u00e9quip\u00e9s de radiateurs, \u00e0 concurrence d\u2019une part proportionnelle au volume chauff\u00e9 de son appartement, pour autant que les r\u00e8gles et param\u00e8tres sur la base desquels les frais qui lui sont factur\u00e9s au titre de sa consommation individuelle d\u2019\u00e9nergie thermique destin\u00e9e au chauffage de son appartement et de l\u2019eau chaude \u00e0 usage domestique sont calcul\u00e9s garantissent la transparence et l\u2019exactitude de la comptabilisation de la consommation individuelle"},"content":{"rendered":"<p>Le litige oppose une entreprise de fourniture d\u2019\u00e9nergie thermique bulgare \u00e0 une personne physique, au sujet d\u2019une action en paiement de factures relatives \u00e0 la fourniture d\u2019\u00e9nergie thermique au sein d\u2019un immeuble en copropri\u00e9t\u00e9 raccord\u00e9 \u00e0 un syst\u00e8me de chauffage urbain.<\/p>\n<p>L\u2019article 9, paragraphes 1 et 3, de la directive 2012\/27\/UE du Parlement europ\u00e9en et du Conseil, du 25 octobre 2012, relative \u00e0 l\u2019efficacit\u00e9 \u00e9nerg\u00e9tique dispose que :<\/p>\n<p>\u00ab\u00a01.\u00a0\u00a0\u00a0\u00a0\u00a0\u00a0Les \u00c9tats membres veillent \u00e0 ce que, dans la mesure o\u00f9 cela est techniquement possible, financi\u00e8rement raisonnable et proportionn\u00e9 compte tenu des \u00e9conomies d\u2019\u00e9nergie potentielles, les clients finals d\u2019\u00e9lectricit\u00e9, de gaz naturel, de chaleur et de froid ainsi que d\u2019eau chaude sanitaire re\u00e7oivent, \u00e0 des prix concurrentiels, des compteurs individuels qui indiquent avec pr\u00e9cision la consommation r\u00e9elle d\u2019\u00e9nergie du client final et qui donnent des informations sur le moment o\u00f9 l\u2019\u00e9nergie a \u00e9t\u00e9 utilis\u00e9e.<\/p>\n<p>Un tel compteur individuel \u00e0 des prix concurrentiels est toujours fourni\u00a0:<\/p>\n<ol>\n<li>a)\u00a0\u00a0\u00a0\u00a0\u00a0\u00a0lorsqu\u2019un compteur existant est remplac\u00e9, \u00e0 moins que cela ne soit pas techniquement possible ou rentable au regard des \u00e9conomies potentielles estim\u00e9es \u00e0 long terme\u00a0;<\/li>\n<li>b)\u00a0\u00a0\u00a0\u00a0\u00a0\u00a0lorsqu\u2019il est proc\u00e9d\u00e9 \u00e0 un raccordement dans un b\u00e2timent neuf ou qu\u2019un b\u00e2timent fait l\u2019objet de travaux de r\u00e9novation importants, tels que d\u00e9finis dans la [directive\u00a02010\/31\/UE du Parlement europ\u00e9en et du Conseil, du 19\u00a0mai 2010, sur la performance \u00e9nerg\u00e9tique des b\u00e2timents (JO\u00a02010, L\u00a0153, p.\u00a013)].<\/li>\n<\/ol>\n<p>[&#8230;]<\/p>\n<ol start=\"3\">\n<li>Lorsqu\u2019un b\u00e2timent est aliment\u00e9 en chaleur et en froid ou en eau chaude par un r\u00e9seau de chaleur ou par une installation centrale desservant plusieurs b\u00e2timents, un compteur de chaleur ou d\u2019eau chaude est install\u00e9 sur l\u2019\u00e9changeur de chaleur ou au point de livraison.<\/li>\n<\/ol>\n<p>Dans les immeubles comprenant plusieurs appartements et les immeubles mixtes \u00e9quip\u00e9s d\u2019une installation centrale de chaleur\/froid ou aliment\u00e9s par un r\u00e9seau de chaleur ou une installation centrale desservant plusieurs b\u00e2timents, des compteurs individuels de consommation sont \u00e9galement install\u00e9s d\u2019ici au 31\u00a0d\u00e9cembre 2016 pour mesurer la consommation de chaleur, de froid ou d\u2019eau chaude de chaque unit\u00e9, lorsque cela est techniquement possible et rentable. Lorsqu\u2019il n\u2019est pas rentable ou techniquement possible d\u2019utiliser des compteurs individuels pour mesurer la consommation de chaleur, des r\u00e9partiteurs des frais de chauffage individuels sont utilis\u00e9s pour mesurer la consommation de chaleur \u00e0 chaque radiateur, \u00e0 moins que l\u2019\u00c9tat membre en question ne d\u00e9montre que l\u2019installation de tels r\u00e9partiteurs n\u2019est pas rentable. Dans ces cas, d\u2019autres m\u00e9thodes rentables permettant de mesurer la consommation de chaleur peuvent \u00eatre envisag\u00e9es.<\/p>\n<p>Lorsque des immeubles comprenant plusieurs appartements sont aliment\u00e9s par un r\u00e9seau de chaleur ou de froid ou lorsque de tels b\u00e2timents sont principalement aliment\u00e9s par des syst\u00e8mes de chaleur ou de froid collectifs, les \u00c9tats membres peuvent introduire des r\u00e8gles transparentes concernant la r\u00e9partition des frais li\u00e9s \u00e0 la consommation thermique ou d\u2019eau chaude dans ces immeubles, afin d\u2019assurer une comptabilisation transparente et exacte de la consommation individuelle. Au besoin, ces r\u00e8gles comportent des orientations en ce qui concerne la r\u00e9partition des frais li\u00e9s \u00e0 la consommation de chaleur et\/ou d\u2019eau chaude comme suit\u00a0:<\/p>\n<ol>\n<li>a)\u00a0\u00a0\u00a0\u00a0\u00a0\u00a0l\u2019eau chaude destin\u00e9e aux besoins domestiques\u00a0;<\/li>\n<li>b)\u00a0\u00a0\u00a0\u00a0\u00a0\u00a0la chaleur rayonn\u00e9e par l\u2019installation du b\u00e2timent et aux fins du chauffage des zones communes (lorsque les cages d\u2019escaliers et les couloirs sont \u00e9quip\u00e9s de radiateurs)\u00a0;<\/li>\n<li>c)\u00a0\u00a0\u00a0\u00a0\u00a0\u00a0le chauffage des appartements.\u00a0\u00bb<\/li>\n<\/ol>\n<p>La soci\u00e9t\u00e9 de Chauffage a, dans le cadre de cette affaire, r\u00e9clam\u00e9 une somme de 519\u00a0leva bulgares (BGN) (environ 265\u00a0euros), au titre de sa consommation d\u2019\u00e9nergie thermique pendant la p\u00e9riode allant du 1<sup>er<\/sup>\u00a0mai 2018 au 31\u00a0octobre 2020, somme qui n\u2019a pas \u00e9t\u00e9 acquitt\u00e9e.<\/p>\n<p>Le propri\u00e9taire de l\u2019appartement n\u2019ayant pas pay\u00e9 ces montants le distributeur a saisi le tribunal d\u2019arrondissement de Plovdiv, Bulgarie afin d\u2019ebtenir la condamnation au paiement de ces sommes.<\/p>\n<p>Le consomateur conteste \u00eatre redevable des sommes r\u00e9clam\u00e9es au motif notamment que la formule math\u00e9matique vis\u00e9e au point 6.1.1 de la m\u00e9thodologie sur la base de laquelle est calcul\u00e9e la r\u00e9partition de la consommation d\u2019\u00e9nergie thermique entre les diff\u00e9rents copropri\u00e9taires est contraire au droit de l\u2019Union.<\/p>\n<p>\u00c0 cet \u00e9gard, la juridiction de renvoi \u00e9met des doutes quant \u00e0 la compatibilit\u00e9 de la m\u00e9thodologie avec l\u2019article\u00a09, paragraphe\u00a03, de la directive\u00a02012\/27. Dans ce contexte, elle rel\u00e8ve que les \u00e9l\u00e9ments de la formule math\u00e9matique figurant au point\u00a06.1.1 de la m\u00e9thodologie ne sont pas clairs et que, au regard des \u00e9l\u00e9ments pris en compte dans cette formule, il est fort probable que les montants r\u00e9clam\u00e9s aux consommateurs qui ne consomment pas d\u2019\u00e9nergie thermique dans leurs logements soient trop \u00e9lev\u00e9s. En effet, ladite formule serait bas\u00e9e sur des donn\u00e9es th\u00e9oriques figurant dans les projets de r\u00e9alisation des installations de chauffage, sans tenir compte des conditions r\u00e9elles dans lesquelles ces installations fonctionnent en pratique et sans savoir si ces conditions r\u00e9elles sont les m\u00eames que celles qui ont \u00e9t\u00e9 th\u00e9oriquement pr\u00e9vues.<\/p>\n<p>Dans ces conditions, le Rayonen sad Plovdiv (tribunal d\u2019arrondissement de Plovdiv) a d\u00e9cid\u00e9 de surseoir \u00e0 statuer et de poser \u00e0 la Cour les questions pr\u00e9judicielles suivantes\u00a0:<\/p>\n<p>\u00ab\u00a01)\u00a0\u00a0\u00a0\u00a0\u00a0\u00a0L\u2019article\u00a09, paragraphe\u00a03, de la directive\u00a0[2012\/27] ainsi que l\u2019article\u00a0169\u00a0TFUE permettent-ils que des frais soient acquitt\u00e9s pour l\u2019\u00e9nergie thermique \u00e9mise par l\u2019installation du b\u00e2timent, lorsque les cages d\u2019escaliers et les couloirs du b\u00e2timent ne sont pas \u00e9quip\u00e9s de radiateurs\u00a0?<\/p>\n<p>2)\u00a0\u00a0\u00a0\u00a0\u00a0\u00a0L\u2019article\u00a09, paragraphe\u00a03, de la directive\u00a0[2012\/27] ainsi que l\u2019article\u00a0169\u00a0TFUE autorisent-ils une entreprise de chauffage urbain \u00e0 r\u00e9clamer, sur le fondement d\u2019une r\u00e9glementation nationale, le paiement de l\u2019\u00e9nergie thermique utilis\u00e9e par une installation du b\u00e2timent, alors que la quantit\u00e9 d\u2019\u00e9nergie thermique est d\u00e9termin\u00e9e sur la base d\u2019une formule \u00e9tablie par l\u2019administration qui\u00a0:<\/p>\n<p>\u2013\u00a0\u00a0\u00a0\u00a0\u00a0\u00a0\u00a0\u00a0introduit un coefficient tenant compte de la proportion de la puissance install\u00e9e de l\u2019installation du b\u00e2timent par rapport \u00e0 la puissance totale de l\u2019installation de chauffage, sans que la mani\u00e8re dont ce coefficient est \u00e9labor\u00e9 soit claire\u00a0;<\/p>\n<p>\u2013\u00a0\u00a0\u00a0\u00a0\u00a0\u00a0\u00a0\u00a0utilise une puissance install\u00e9e de l\u2019installation du b\u00e2timent qui ne tient pas compte des puissances r\u00e9ellement install\u00e9es\u00a0;<\/p>\n<p>\u2013\u00a0\u00a0\u00a0\u00a0\u00a0\u00a0\u00a0\u00a0ne prend pas en consid\u00e9ration la temp\u00e9rature du vecteur thermique dans l\u2019installation du b\u00e2timent\u00a0;<\/p>\n<p>\u2013\u00a0\u00a0\u00a0\u00a0\u00a0\u00a0\u00a0\u00a0pr\u00e9sume un fonctionnement permanent de l\u2019installation \u00e0 une puissance maximale\u00a0;<\/p>\n<p>\u2013\u00a0\u00a0\u00a0\u00a0\u00a0\u00a0\u00a0\u00a0ne prend pas en consid\u00e9ration les effets sp\u00e9cifiques des diff\u00e9rents types de syst\u00e8mes de chauffage (en l\u2019occurrence, le syst\u00e8me \u201cTichelmann\u201d) qui sont tous mis sur un pied d\u2019\u00e9galit\u00e9 quant \u00e0 leurs effets\u00a0;<\/p>\n<p>\u2013\u00a0\u00a0\u00a0\u00a0\u00a0\u00a0\u00a0\u00a0consid\u00e8re d\u2019embl\u00e9e que la temp\u00e9rature des immeubles en copropri\u00e9t\u00e9 s\u2019\u00e9l\u00e8ve \u00e0 19\u00a0\u00b0C.<\/p>\n<p>Tout d\u2019abord, il convient de relever que la directive\u00a02012\/27 a pour objectif, conform\u00e9ment \u00e0 son article\u00a01<sup>er<\/sup>, de promouvoir une meilleure efficacit\u00e9 \u00e9nerg\u00e9tique. Dans ce contexte et ainsi qu\u2019il ressort du consid\u00e9rant\u00a08 de cette directive, toute la cha\u00eene \u00e9nerg\u00e9tique, du producteur d\u2019\u00e9nergie au client final qui la consomme, est sollicit\u00e9e pour atteindre cet objectif.<\/p>\n<p>\u00c0 cet \u00e9gard, en vertu de l\u2019article\u00a09, paragraphe\u00a01, de la directive\u00a02012\/27, les \u00c9tats membres veillent \u00e0 ce que, dans la mesure o\u00f9 cela est techniquement possible, financi\u00e8rement raisonnable et proportionn\u00e9, les clients finals re\u00e7oivent des compteurs individuels qui indiquent avec pr\u00e9cision la consommation r\u00e9elle d\u2019\u00e9nergie et qui donnent des informations sur le moment o\u00f9 l\u2019\u00e9nergie a \u00e9t\u00e9 utilis\u00e9e.<\/p>\n<p>Plus particuli\u00e8rement, dans une situation, telle que celle en cause au principal, o\u00f9 il s\u2019agit d\u2019immeubles comprenant plusieurs appartements raccord\u00e9s \u00e0 un r\u00e9seau de chaleur, l\u2019article\u00a09, paragraphe\u00a03, deuxi\u00e8me alin\u00e9a, de cette directive pr\u00e9voit que des compteurs individuels de consommation devaient \u00eatre install\u00e9s pour le 31\u00a0d\u00e9cembre 2016 au plus tard, afin de permettre de mesurer la consommation de chaleur, de froid ou d\u2019eau chaude de chaque unit\u00e9, lorsque cela est techniquement possible et rentable. Cette disposition pr\u00e9cise en outre que, lorsqu\u2019il n\u2019est pas rentable ou techniquement possible d\u2019utiliser de tels compteurs, des r\u00e9partiteurs des frais de chauffage individuels doivent \u00eatre utilis\u00e9s pour mesurer la consommation de chaleur au niveau de chaque radiateur, les \u00c9tats membres pouvant toutefois envisager d\u2019autres m\u00e9thodes rentables permettant de mesurer la consommation de chaleur.<\/p>\n<p>Ainsi qu\u2019il ressort de l\u2019article\u00a01<sup>er<\/sup>\u00a0de la directive\u00a02012\/27, lu \u00e0 la lumi\u00e8re du consid\u00e9rant\u00a020 de celle-ci, les \u00c9tats membres disposent d\u2019une large marge de man\u0153uvre tant quant au choix des mesures adapt\u00e9es pour r\u00e9duire la consommation d\u2019\u00e9nergie que des modalit\u00e9s de mise en \u0153uvre de celles-ci. \u00c0 ce titre, ils peuvent notamment pr\u00e9voir des r\u00e8gles transparentes portant sur la r\u00e9partition des frais li\u00e9s \u00e0 la consommation d\u2019\u00e9nergie thermique ou d\u2019eau chaude dans les immeubles \u00e0 appartements. Plut\u00f4t que d\u2019opter pour une r\u00e9glementation pr\u00e9cise et exhaustive, les \u00c9tats membres peuvent \u00e9galement pr\u00e9voir un cadre g\u00e9n\u00e9ral laissant une marge de man\u0153uvre aux copropri\u00e9t\u00e9s.<\/p>\n<p>Dans certains immeubles en copropri\u00e9t\u00e9 raccord\u00e9 \u00e0 un r\u00e9seau de chaleur, comme l\u2019immeuble en cause au principal, il para\u00eet difficilement concevable de pouvoir individualiser enti\u00e8rement les factures relatives au chauffage, notamment pour ce qui est de l\u2019installation int\u00e9rieure, c\u2019est-\u00e0-dire de l\u2019ensemble des conduits et des installations de distribution ainsi que de fourniture d\u2019\u00e9nergie thermique \u00e0 l\u2019int\u00e9rieur du b\u00e2timent concern\u00e9, et des parties communes. Concernant plus particuli\u00e8rement l\u2019installation int\u00e9rieure, il peut s\u2019av\u00e9rer difficile, voire impossible, de d\u00e9terminer avec pr\u00e9cision la quantit\u00e9 de chaleur \u00e9mise par cette installation dans chaque appartement. En effet, cette quantit\u00e9 comporte non seulement la chaleur \u00e9mise \u00e0 l\u2019int\u00e9rieur de l\u2019appartement concern\u00e9 par les \u00e9l\u00e9ments mat\u00e9riels de l\u2019installation int\u00e9rieure, mais aussi les \u00e9changes thermiques entre les locaux chauff\u00e9s et les locaux non chauff\u00e9s. En effet, les appartements d\u2019un immeuble en copropri\u00e9t\u00e9 ne sont pas ind\u00e9pendants les uns des autres sur le plan thermique, puisque la chaleur circule entre les unit\u00e9s chauff\u00e9es et celles qui le sont moins ou ne le sont pas.<\/p>\n<p>La Cour constate qu\u2019en l\u2019esp\u00e8ce, bien que la formule math\u00e9matique vis\u00e9e au point 6.1.1 de la m\u00e9thodologie soit fond\u00e9e sur certaines donn\u00e9es objectives, il ressort du dossier dont dispose la Cour, sous r\u00e9serve des v\u00e9rifications qu\u2019il incombe \u00e0 la juridiction de renvoi d\u2019effectuer, qu\u2019elle ne prend pas en consid\u00e9ration un certain nombre de param\u00e8tres li\u00e9s au fonctionnement r\u00e9el de l\u2019installation de chauffage en cause au principal. Il conviendrait en effet notamment qu\u2019une telle formule prenne en compte les caract\u00e9ristiques sp\u00e9cifiques de l\u2019immeuble, telles que son isolation et celle du syst\u00e8me de chauffage, les mat\u00e9riaux utilis\u00e9s pour ce syst\u00e8me ainsi qu\u2019une \u00e9ventuelle d\u00e9perdition de chaleur.<\/p>\n<p>Pour elle,\u00a0 il semble donc que la formule math\u00e9matique vis\u00e9e au point 6.1.1 de la m\u00e9thodologie, sur la base de laquelle sont calcul\u00e9s les frais li\u00e9s \u00e0 la consommation d\u2019\u00e9nergie thermique dans les immeubles en copropri\u00e9t\u00e9, ne permet pas une comptabilisation transparente et exacte de la consommation individuelle, au sens de l\u2019article\u00a09, paragraphe\u00a03, de la directive\u00a02012\/27.<\/p>\n<p>Eu \u00e9gard \u00e0 l\u2019ensemble des motifs qui pr\u00e9c\u00e8dent, il convient de r\u00e9pondre aux premi\u00e8re \u00e0 quatri\u00e8me questions que l\u2019article\u00a09, paragraphe\u00a03, de la directive\u00a02012\/27 doit \u00eatre interpr\u00e9t\u00e9 en ce sens qu\u2019il ne s\u2019oppose pas \u00e0 une r\u00e9glementation nationale en vertu de laquelle le propri\u00e9taire d\u2019un appartement au sein d\u2019un immeuble en copropri\u00e9t\u00e9 est tenu de s\u2019acquitter des frais qui lui sont factur\u00e9s au titre de l\u2019\u00e9nergie thermique \u00e9mise par l\u2019ensemble des conduits et des installations de distribution et de fourniture d\u2019\u00e9nergie thermique \u00e0 l\u2019int\u00e9rieur du b\u00e2timent, y compris lorsque les cages d\u2019escaliers et les couloirs du b\u00e2timent ne sont pas \u00e9quip\u00e9s de radiateurs, \u00e0 concurrence d\u2019une part proportionnelle au volume chauff\u00e9 de son appartement, pour autant que les r\u00e8gles et param\u00e8tres sur la base desquels les frais qui lui sont factur\u00e9s au titre de sa consommation individuelle d\u2019\u00e9nergie thermique destin\u00e9e au chauffage de son appartement et de l\u2019eau chaude \u00e0 usage domestique sont calcul\u00e9s garantissent la transparence et l\u2019exactitude de la comptabilisation de la consommation individuelle.\u00a0 Il appartient \u00e0 la juridiction de fond d\u00e9 v\u00e9rifier ces \u00e9l\u00e9ments.<\/p>\n<p>pour acc\u00e9der \u00e0 l&#8217;arr\u00eat, suivez le lien\u00a0<a href=\"https:\/\/curia.europa.eu\/juris\/document\/document.jsf?text=&amp;docid=305417&amp;pageIndex=0&amp;doclang=fr&amp;mode=req&amp;dir=&amp;occ=first&amp;part=1&amp;cid=5316865\">https:\/\/curia.europa.eu\/juris\/document\/document.jsf?text=&amp;docid=305417&amp;pageIndex=0&amp;doclang=fr&amp;mode=req&amp;dir=&amp;occ=first&amp;part=1&amp;cid=5316865<\/a>.<\/p>\n<p>&nbsp;<\/p>\n","protected":false},"excerpt":{"rendered":"<p>Le litige oppose une entreprise de fourniture d\u2019\u00e9nergie thermique bulgare \u00e0 une personne physique, au sujet d\u2019une action en paiement de factures relatives \u00e0 la fourniture d\u2019\u00e9nergie thermique au sein d\u2019un immeuble en copropri\u00e9t\u00e9 raccord\u00e9 \u00e0 un syst\u00e8me de chauffage urbain. L\u2019article 9, paragraphes 1 et 3, de la directive 2012\/27\/UE du Parlement europ\u00e9en et [&hellip;]<\/p>\n","protected":false},"author":3,"featured_media":13781,"comment_status":"closed","ping_status":"closed","sticky":false,"template":"","format":"standard","meta":{"_seopress_robots_primary_cat":"none","_seopress_titles_title":"","_seopress_titles_desc":"","_seopress_robots_index":"","footnotes":""},"categories":[86,74],"tags":[],"class_list":["post-13785","post","type-post","status-publish","format-standard","has-post-thumbnail","hentry","category-evenement-de","category-press-de"],"_links":{"self":[{"href":"https:\/\/www.hv-a.be\/de\/wp-json\/wp\/v2\/posts\/13785","targetHints":{"allow":["GET"]}}],"collection":[{"href":"https:\/\/www.hv-a.be\/de\/wp-json\/wp\/v2\/posts"}],"about":[{"href":"https:\/\/www.hv-a.be\/de\/wp-json\/wp\/v2\/types\/post"}],"author":[{"embeddable":true,"href":"https:\/\/www.hv-a.be\/de\/wp-json\/wp\/v2\/users\/3"}],"replies":[{"embeddable":true,"href":"https:\/\/www.hv-a.be\/de\/wp-json\/wp\/v2\/comments?post=13785"}],"version-history":[{"count":0,"href":"https:\/\/www.hv-a.be\/de\/wp-json\/wp\/v2\/posts\/13785\/revisions"}],"wp:featuredmedia":[{"embeddable":true,"href":"https:\/\/www.hv-a.be\/de\/wp-json\/wp\/v2\/media\/13781"}],"wp:attachment":[{"href":"https:\/\/www.hv-a.be\/de\/wp-json\/wp\/v2\/media?parent=13785"}],"wp:term":[{"taxonomy":"category","embeddable":true,"href":"https:\/\/www.hv-a.be\/de\/wp-json\/wp\/v2\/categories?post=13785"},{"taxonomy":"post_tag","embeddable":true,"href":"https:\/\/www.hv-a.be\/de\/wp-json\/wp\/v2\/tags?post=13785"}],"curies":[{"name":"wp","href":"https:\/\/api.w.org\/{rel}","templated":true}]}}