{"id":14839,"date":"2026-03-14T11:38:43","date_gmt":"2026-03-14T10:38:43","guid":{"rendered":"https:\/\/www.hv-a.be\/benoit-havet-interviendra-le-17-avril-2026-dans-le-cadre-dune-journee-detudes-organisees-par-lunion-wallonne-des-architectes-sur-le-theme-procedure-de-delivrance-des-permis\/"},"modified":"2026-03-14T11:39:02","modified_gmt":"2026-03-14T10:39:02","slug":"benoit-havet-interviendra-le-17-avril-2026-dans-le-cadre-dune-journee-detudes-organisees-par-lunion-wallonne-des-architectes-sur-le-theme-procedure-de-delivrance-des-permis","status":"publish","type":"post","link":"https:\/\/www.hv-a.be\/de\/benoit-havet-interviendra-le-17-avril-2026-dans-le-cadre-dune-journee-detudes-organisees-par-lunion-wallonne-des-architectes-sur-le-theme-procedure-de-delivrance-des-permis\/","title":{"rendered":"Benoit HAVET interviendra le 17 avril 2026 dans le cadre d&#8217;une journ\u00e9e d&#8217;\u00e9tudes organis\u00e9es par l&#8217;Union wallonne des architectes sur le th\u00e8me &#8222;Proc\u00e9dure de d\u00e9livrance des permis&#8220;"},"content":{"rendered":"<p>Pour toutes informations et pour vous inscrire, suivez le lien :\u00a0<a href=\"https:\/\/www.uwa.be\/event\/procedure-de-delivrance-des-permis-recours-contrats-dans-la-pratique-architecturale-311\/register\">https:\/\/www.uwa.be\/event\/procedure-de-delivrance-des-permis-recours-contrats-dans-la-pratique-architecturale-311\/register<\/a>.<\/p>\n","protected":false},"excerpt":{"rendered":"<p>Pour toutes informations et pour vous inscrire, suivez le lien :\u00a0https:\/\/www.uwa.be\/event\/procedure-de-delivrance-des-permis-recours-contrats-dans-la-pratique-architecturale-311\/register.<\/p>\n","protected":false},"author":3,"featured_media":14425,"comment_status":"closed","ping_status":"closed","sticky":false,"template":"","format":"standard","meta":{"_seopress_robots_primary_cat":"none","_seopress_titles_title":"","_seopress_titles_desc":"","_seopress_robots_index":"","footnotes":""},"categories":[71,83],"tags":[],"class_list":["post-14839","post","type-post","status-publish","format-standard","has-post-thumbnail","hentry","category-conference-de","category-formation-de"],"_links":{"self":[{"href":"https:\/\/www.hv-a.be\/de\/wp-json\/wp\/v2\/posts\/14839","targetHints":{"allow":["GET"]}}],"collection":[{"href":"https:\/\/www.hv-a.be\/de\/wp-json\/wp\/v2\/posts"}],"about":[{"href":"https:\/\/www.hv-a.be\/de\/wp-json\/wp\/v2\/types\/post"}],"author":[{"embeddable":true,"href":"https:\/\/www.hv-a.be\/de\/wp-json\/wp\/v2\/users\/3"}],"replies":[{"embeddable":true,"href":"https:\/\/www.hv-a.be\/de\/wp-json\/wp\/v2\/comments?post=14839"}],"version-history":[{"count":1,"href":"https:\/\/www.hv-a.be\/de\/wp-json\/wp\/v2\/posts\/14839\/revisions"}],"predecessor-version":[{"id":14842,"href":"https:\/\/www.hv-a.be\/de\/wp-json\/wp\/v2\/posts\/14839\/revisions\/14842"}],"wp:featuredmedia":[{"embeddable":true,"href":"https:\/\/www.hv-a.be\/de\/wp-json\/wp\/v2\/media\/14425"}],"wp:attachment":[{"href":"https:\/\/www.hv-a.be\/de\/wp-json\/wp\/v2\/media?parent=14839"}],"wp:term":[{"taxonomy":"category","embeddable":true,"href":"https:\/\/www.hv-a.be\/de\/wp-json\/wp\/v2\/categories?post=14839"},{"taxonomy":"post_tag","embeddable":true,"href":"https:\/\/www.hv-a.be\/de\/wp-json\/wp\/v2\/tags?post=14839"}],"curies":[{"name":"wp","href":"https:\/\/api.w.org\/{rel}","templated":true}]}}