{"id":15743,"date":"2026-09-01T12:08:40","date_gmt":"2026-09-01T10:08:40","guid":{"rendered":"https:\/\/www.hv-a.be\/entree-en-vigueur-du-nouveau-code-penal-ce-1er-septembre-2026-la-nouvelle-incrimination-de-crime-decocide\/"},"modified":"2026-09-01T14:07:10","modified_gmt":"2026-09-01T12:07:10","slug":"entree-en-vigueur-du-nouveau-code-penal-ce-1er-septembre-2026-la-nouvelle-incrimination-de-crime-decocide","status":"publish","type":"post","link":"https:\/\/www.hv-a.be\/de\/entree-en-vigueur-du-nouveau-code-penal-ce-1er-septembre-2026-la-nouvelle-incrimination-de-crime-decocide\/","title":{"rendered":"Entr\u00e9e en vigueur du nouveau Code p\u00e9nal ce 1er septembre 2026\u00a0&#8211; la nouvelle incrimination de crime d\u2019\u00e9cocide : un travail symbolique non abouti ?"},"content":{"rendered":"<p><strong>Entr\u00e9e en vigueur du nouveau Code p\u00e9nal\u00a0: la nouvelle incrimination de crime d\u2019\u00e9cocide <a href=\"#_ftn1\" name=\"_ftnref1\">[1]<\/a><\/strong><\/p>\n<p>&nbsp;<\/p>\n<ol>\n<li><strong>Introduction<\/strong><\/li>\n<\/ol>\n<p>Ce n\u2019est que r\u00e9cemment que le crime d\u2019\u00e9cocide est entr\u00e9 dans la sph\u00e8re de r\u00e9flexion du monde juridique<a href=\"#_ftn2\" name=\"_ftnref2\"><sup>[2]<\/sup><\/a>. Au niveau international, un comit\u00e9 compose\u0301 de juristes internationaux, sp\u00e9cialis\u00e9s en droit de l\u2019environnement et en droit p\u00e9nal international, a e\u0301te\u0301 charge\u0301, en 2020, par la Fondation <em>Stop Ecocide<\/em>, d\u2019\u00e9laborer une d\u00e9finition juridique de l\u2019\u00e9cocide. Cette d\u00e9finition ouvrira \u00e9ventuellement la voie a\u0300 l\u2019inscription de l\u2019\u00e9cocide, au titre de crime de droit international, dans le Statut de Rome<a href=\"#_ftn3\" name=\"_ftnref3\"><sup>[3]<\/sup><\/a>.<\/p>\n<p>Le groupe d\u2019experts de la Fondation a propos\u00e9 d\u2019ins\u00e9rer un article 8<em>ter<\/em> dans le Statut de Rome qui placerait l\u2019\u00e9cocide au rang de nouveau crime de droit international<a href=\"#_ftn4\" name=\"_ftnref4\"><sup>[4]<\/sup><\/a>.<\/p>\n<p>Au niveau europ\u00e9en, la jurisprudence de la Cour europ\u00e9enne de sauvegarde des droits de l\u2019Homme a \u00e9t\u00e9 amen\u00e9e \u00e0 se prononcer sur des probl\u00e9matiques relatives au droit de l\u2019environnement au regard de la protection des droits de l\u2019homme, alors que le droit \u00e0 l\u2019environnement n\u2019est pas entr\u00e9 express\u00e9ment dans l\u2019ordonnancement juridique europ\u00e9en. C\u2019est sous le concept de droit \u00e0 un \u00ab\u00a0environnement sain\u00a0\u00bb, li\u00e9 au droit \u00e0 la vie, garanti par l\u2019article 2 et du droit au respect de la vie priv\u00e9e et familiale, garanti par l\u2019article 8 de la Convention europ\u00e9enne de sauvegarde des droits de l\u2019Homme, que cette jurisprudence s\u2019est d\u00e9velopp\u00e9e<a href=\"#_ftn5\" name=\"_ftnref5\"><sup>[5]<\/sup><\/a>.<\/p>\n<p>L\u2019environnement a \u00e9galement \u00e9t\u00e9 pris en consid\u00e9ration dans diff\u00e9rents textes l\u00e9gislatifs europ\u00e9ens. Un des objectifs du Trait\u00e9 sur l\u2019Union europ\u00e9enne est en effet d\u2019atteindre un \u00ab\u00a0niveau e\u0301leve\u0301 de protection et d&#8217;ame\u0301lioration de la qualite\u0301 de l&#8217;environnement\u00a0\u00bb<a href=\"#_ftn6\" name=\"_ftnref6\"><sup>[6]<\/sup><\/a>. La Charte des droits fondamentaux de l\u2019Union europ\u00e9enne pr\u00e9voit qu\u2019un \u00ab\u00a0niveau \u00e9lev\u00e9 de protection de l\u2019environnement et l\u2019am\u00e9lioration de sa qualit\u00e9 doivent \u00eatre int\u00e9gr\u00e9s dans les politiques de l\u2019Union\u00a0\u00bb<a href=\"#_ftn7\" name=\"_ftnref7\"><sup>[7]<\/sup><\/a>.<\/p>\n<p>Plus r\u00e9cemment, la Commission europ\u00e9enne a pr\u00e9sent\u00e9, en d\u00e9cembre 2021, dans le cadre de son \u00ab\u00a0<em>Pacte vert pour l\u2019environnement<\/em>\u00a0\u00bb, une proposition de r\u00e9vision visant \u00e0 actualiser la Directive ECOCRIM de 2008<a href=\"#_ftn8\" name=\"_ftnref8\"><sup>[8]<\/sup><\/a>.<\/p>\n<p>Si la proposition de la Commission ne faisait qu\u2019\u00e9voquer, dans ses consid\u00e9rants, le crime d\u2019\u00e9cocide, le Parlement europ\u00e9en a vot\u00e9, le 29 mars 2023 un amendement int\u00e9grant, l\u2019inscription du crime d\u2019\u00e9cocide dans le droit europ\u00e9en\u00a0:<\/p>\n<p>\u00ab\u00a0Lorsqu&#8217;une infraction p\u00e9nale environnementale provoque des dommages graves et g\u00e9n\u00e9ralis\u00e9s, ou graves et \u00e0 long terme, ou graves et irr\u00e9versibles, \u00e0 la qualit\u00e9 de l&#8217;air, \u00e0 la qualit\u00e9 des sols ou \u00e0 la qualit\u00e9 de l&#8217;eau, ou \u00e0 la biodiversit\u00e9, aux services et fonctions des \u00e9cosyst\u00e8mes, ou \u00e0 animaux ou v\u00e9g\u00e9taux, une telle infraction devrait \u00eatre consid\u00e9r\u00e9e comme un d\u00e9lit particuli\u00e8rement grave et sanctionn\u00e9e comme telle conform\u00e9ment aux syst\u00e8mes juridiques des \u00c9tats membres couvrant l&#8217;\u00e9cocide (\u2026) \u00bb (traduction libre)<a href=\"#_ftn9\" name=\"_ftnref9\"><sup>[9]<\/sup><\/a>.<\/p>\n<p>Le texte adopt\u00e9 le 11 avril 2024 ne consacre toutefois pas l\u2019obligation d\u2019int\u00e9grer le crime d\u2019\u00e9cocide dans le droit interne des Etats membres<a href=\"#_ftn10\" name=\"_ftnref10\"><sup>[10]<\/sup><\/a>.<\/p>\n<p>C\u2019est dans ce contexte qu\u2019intervient la modification l\u00e9gislative du 29 f\u00e9vrier 2024. Le Gouvernement f\u00e9d\u00e9ral a, \u00e0 l\u2019occasion de la r\u00e9forme du Code p\u00e9nal, sollicit\u00e9 de la commission d\u2019experts qu\u2019il a nomm\u00e9s, un avis sur l\u2019inclusion \u00e9ventuelle de l\u2019\u00e9cocide dans le nouveau Code p\u00e9nal<a href=\"#_ftn11\" name=\"_ftnref11\"><sup>[11]<\/sup><\/a>.<\/p>\n<p>La Commission s\u2019est inspir\u00e9e du travail r\u00e9alis\u00e9 au niveau international et propose une d\u00e9finition du crime d\u2019\u00e9cocide, inspir\u00e9e de celle \u00e9labor\u00e9e par le Comit\u00e9 mandat\u00e9 par la Fondation <em>Stop Ecocide,<\/em><sup>, <\/sup>ce que rappellent les travaux pr\u00e9paratoires\u00a0:<\/p>\n<p>\u00ab\u00a0Un certain nombre d\u2019acteurs de doctrine et la soci\u00e9t\u00e9 civile ont travaill\u00e9 de concert depuis des\u00a0ann\u00e9es pour promouvoir la reconnaissance en droit international du crime d\u2019\u00e9cocide dans une convention sp\u00e9cifique ou dans le Statut de Rome de la Cour p\u00e9nale internationale en tant que\u00a05e crime contre la paix et la s\u00e9curit\u00e9, au c\u00f4t\u00e9 du crime de g\u00e9nocide, des crimes contre l\u2019humanit\u00e9, des crimes de guerre et du crime d\u2019agression. En juin\u00a02021, un Panel d\u2019experts ind\u00e9pendants, organis\u00e9 par la Stop Ecocide Foundation, a publi\u00e9 une d\u00e9finition juridique du crime d\u2019\u00e9cocide, s\u2019inspirant de la structure de l\u2019article 7 du Statut de Rome (crime contre l\u2019humanit\u00e9) et qui s\u2019entend des \u201cactes illicites ou arbitraires commis en connaissance de la r\u00e9elle probabilit\u00e9 qu\u2019ils causent \u00e0 l\u2019environnement des dommages graves qui soient \u00e9tendus ou durables\u201d. Dans cette m\u00eame direction, le\u00a0Parlement europ\u00e9en a valid\u00e9 l\u2019inscription de l\u2019\u00e9cocide dans la liste d\u2019infractions de la proposition de directive du Parlement\u00a0europ\u00e9en et du Conseil relative \u00e0 la protection de l\u2019environnement par le droit p\u00e9nal et rempla\u00e7ant la directive\u00a02008\/99\/CE, en s\u2019inspirant \u00e9galement de la d\u00e9finition propos\u00e9e par le Panel d\u2019experts ind\u00e9pendants.<\/p>\n<p>L\u2019incrimination de l\u2019\u00e9cocide en droit interne est envisag\u00e9e ind\u00e9pendamment de la cons\u00e9cration internationale de cette notion. Toutefois, il parait opportun que la d\u00e9finition belge du crime d\u2019\u00e9cocide se rapproche, dans la mesure du possible, du consensus qui semble se d\u00e9gager autour de ce concept au plan international. Ainsi, en cas d\u2019incorporation ult\u00e9rieure du crime d\u2019\u00e9cocide dans le Statut de Rome ou de la cons\u00e9cration de cette notion dans une convention internationale ratifi\u00e9e par la Belgique, la d\u00e9finition belge pourra plus facilement \u00eatre align\u00e9e sur celle consacr\u00e9e au plan international<em>\u00a0<\/em>\u00bb<a href=\"#_ftn12\" name=\"_ftnref12\"><sup>[12]<\/sup><\/a>.<\/p>\n<p>En droit belge, d\u00e9terminer le l\u00e9gislateur comp\u00e9tent pour l\u00e9gif\u00e9rer en mati\u00e8re d\u2019\u00e9cocide n\u2019est pas simple. Le crime d\u2019\u00e9cocide peut en effet relever du droit p\u00e9nal g\u00e9n\u00e9ral, mati\u00e8re qui rel\u00e8ve de la comp\u00e9tence r\u00e9siduelle du l\u00e9gislateur f\u00e9d\u00e9ral<a href=\"#_ftn13\" name=\"_ftnref13\"><sup>[13]<\/sup><\/a>, \u00a0mais il s\u2019agit aussi d\u2019une mati\u00e8re environnementale qui rel\u00e8ve quant \u00e0 elle de la comp\u00e9tence des R\u00e9gions<a href=\"#_ftn14\" name=\"_ftnref14\"><sup>[14]<\/sup><\/a>.<\/p>\n<p>Le l\u00e9gislateur comp\u00e9tent sera celui qui g\u00e8re la mati\u00e8re \u00ab ou\u0300 se trouve l\u2019\u00e9l\u00e9ment pr\u00e9pond\u00e9rant de la relation juridique r\u00e9gl\u00e9e\u00a0\u00bb<a href=\"#_ftn15\" name=\"_ftnref15\"><sup>[15]<\/sup><\/a>. En l\u2019esp\u00e8ce, les R\u00e9gions sont \u00a0comp\u00e9tentes pour r\u00e9gler les mati\u00e8res environnementales, mais leurs comp\u00e9tences sont limit\u00e9es mat\u00e9riellement et territorialement. D\u00e8s lors, le l\u00e9gislateur f\u00e9d\u00e9ral sera comp\u00e9tent pour incriminer un \u00e9cocide li\u00e9 \u00e0 des mati\u00e8res pour lesquelles il est comp\u00e9tent. En ce sens, le Conseil d\u2019Etat a d\u00e9termin\u00e9, dans son avis sur la proposition de loi, les hypoth\u00e8ses pour lesquelles le l\u00e9gislateur f\u00e9d\u00e9ral \u00e9tait comp\u00e9tent pour en ces termes \u00ab\u00a0Il appartient \u00e0 l\u2019autorit\u00e9 f\u00e9d\u00e9rale d\u2019\u00e9dicter la r\u00e9glementation relative \u00e0 la protection contre les radiations ionisantes, en ce compris les d\u00e9chets radioactifs. Cette comp\u00e9tence implique une limitation des comp\u00e9tences des r\u00e9gions en mati\u00e8re d\u2019environnement et de politique de l\u2019eau. Sur cette base, l\u2019autorit\u00e9 f\u00e9d\u00e9rale peut incriminer l\u2019\u00e9cocide r\u00e9sultant de radiations ionisantes et de d\u00e9chets radioactifs. Il est toutefois requis qu\u2019un tel r\u00e9gime se limite aux faits ill\u00e9gaux causant des dommages environnementaux dus \u00e0 des radiations ionisantes ou des d\u00e9chets radioactifs.<\/p>\n<p>Sur la base de la comp\u00e9tence r\u00e9siduelle qu\u2019elle exerce dans les espaces marins belges en ce qui concerne les mati\u00e8res de l\u2019environnement et de la politique de l\u2019eau, l\u2019autorit\u00e9 f\u00e9d\u00e9rale peut en outre incriminer les infractions qualifi\u00e9es d\u2019\u00ab \u00e9cocide \u00bb commises dans les espaces marins belges. Cette comp\u00e9tence r\u00e9siduelle permet en effet \u00e0 l\u2019autorit\u00e9 f\u00e9d\u00e9rale de prendre des mesures de pr\u00e9vention et de r\u00e9pression de la pollution marine en profondeur ou en surface, ainsi que dans l\u2019espace a\u00e9rien au-dessus de la mer, pour autant qu\u2019il ne soit pas port\u00e9 atteinte aux comp\u00e9tences express\u00e9ment attribu\u00e9es aux entit\u00e9s f\u00e9d\u00e9r\u00e9es dans les espaces marins belges, \u00e0 l\u2019exercice par les entit\u00e9s f\u00e9d\u00e9r\u00e9es de leur pleine comp\u00e9tence sur leur territoire respectif (en ce compris, \u00e9galement, la zone de plage et les eaux int\u00e9rieures) ou \u00e0 l\u2019exercice des comp\u00e9tences mat\u00e9rielles des entit\u00e9s f\u00e9d\u00e9r\u00e9es dans le cadre de la coop\u00e9ration internationale.<\/p>\n<p>Plus g\u00e9n\u00e9ralement, l\u2019autorit\u00e9 f\u00e9d\u00e9rale peut \u00e9riger en infraction le crime d\u2019\u00e9cocide en l\u2019absence de crit\u00e8re de localisation situant le fait ill\u00e9gal dans l\u2019aire de comp\u00e9tence territoriale d\u2019une r\u00e9gion d\u00e9termin\u00e9e, bien qu\u2019il soit port\u00e9 atteinte aux comp\u00e9tences des r\u00e9gions en mati\u00e8re de protection de l\u2019environnement et de politique de l\u2019eau. Tel serait par exemple le cas pour des infractions commises en Antarctique, comme c\u2019\u00e9tait le cas pour la loi du 21 juillet 2017 sur laquelle la Cour constitutionnelle a rendu l\u2019arr\u00eat n\u00b0 57\/2020, ou dans l\u2019espace extra-atmosph\u00e9rique.<\/p>\n<p>Ainsi qu\u2019il a \u00e9t\u00e9 indiqu\u00e9 (observation 22.3), il ne suffit toutefois pas que les cons\u00e9quences d\u2019une activit\u00e9 ill\u00e9gale s\u2019\u00e9tendent au-del\u00e0 de la comp\u00e9tence territoriale des r\u00e9gions. Lorsque des activit\u00e9s ill\u00e9gales qualifi\u00e9es d\u2019\u00e9cocide se d\u00e9roulent sur le territoire belge, elles rel\u00e8vent en principe de la comp\u00e9tence des r\u00e9gions en ce qui concerne la protection de l\u2019environnement, m\u00eame lorsque les cons\u00e9quences d\u00e9passent leur territoire et s\u2019\u00e9tendent, par exemple, \u00e0 l\u2019espace extra-atmosph\u00e9rique.<\/p>\n<p>Si les auteurs de l\u2019avant-projet souhaitent maintenir le r\u00e9gime en projet dans sa forme actuelle en pr\u00e9voyant l\u2019incrimination du crime d\u2019\u00e9cocide, il conviendra de limiter son champ d\u2019application afin qu\u2019il puisse s\u2019inscrire dans le cadre de la comp\u00e9tence de l\u2019autorit\u00e9 f\u00e9d\u00e9rale\u00a0\u00bb<a href=\"#_ftn16\" name=\"_ftnref16\">[16]<\/a>.<\/p>\n<p><strong>Les textes<\/strong><\/p>\n<p>Le crime d\u2019\u00e9cocide fait l\u2019objet d\u2019un titre particulier, le titre II, et trouve sa place \u00e0 l\u2019article 94 nouveau du Code p\u00e9nal qui dispose<a href=\"#_ftn17\" name=\"_ftnref17\"><sup>[17]<\/sup><\/a>\u00a0:<\/p>\n<p>\u00ab\u00a0Le crime d&#8217;\u00e9cocide<\/p>\n<ul>\n<li>1er. Le crime d&#8217;\u00e9cocide, tel que d\u00e9fini ci-apr\u00e8s, qu&#8217;il soit commis en temps de paix ou en temps de guerre, est r\u00e9prim\u00e9 conform\u00e9ment aux dispositions du pr\u00e9sent titre.<\/li>\n<\/ul>\n<p>Le crime d&#8217;\u00e9cocide consiste \u00e0 commettre d\u00e9lib\u00e9r\u00e9ment, par action ou par omission, un acte ill\u00e9gal causant des dommages graves, \u00e9tendus et \u00e0 long terme \u00e0 l&#8217;environnement en sachant que cet acte cause de tels dommages, pour autant que cet acte constitue une infraction \u00e0 la l\u00e9gislation f\u00e9d\u00e9rale ou \u00e0 un instrument international qui lie l&#8217;autorit\u00e9 f\u00e9d\u00e9rale ou si l&#8217;acte ne peut pas \u00eatre localis\u00e9 en Belgique.<\/p>\n<p>Aux fins de l&#8217;alin\u00e9a 2, l&#8217;on entend par :<\/p>\n<ol>\n<li>a) dommage grave : les dommages qui entra\u00eenent des changements, perturbations ou atteintes n\u00e9gatifs hautement pr\u00e9judiciables \u00e0 une quelconque composante de l&#8217;environnement, y compris des r\u00e9percussions substantielles sur la vie ou la sant\u00e9 humaine, sur la biodiversit\u00e9 ou sur les ressources naturelles, culturelles ou \u00e9conomiques pour la soci\u00e9t\u00e9;<\/li>\n<li>b) dommage \u00e9tendu : les dommages qui s&#8217;\u00e9tendent au-del\u00e0 d&#8217;une zone g\u00e9ographique limit\u00e9e, qui traversent les fronti\u00e8res d&#8217;une r\u00e9gion ou d&#8217;un Etat ou qui sont subis par un \u00e9cosyst\u00e8me entier ou une esp\u00e8ce enti\u00e8re ou un nombre important d&#8217;\u00eatres humains;<\/li>\n<li>c) dommage \u00e0 long terme : les dommages qui sont irr\u00e9versibles ou qui ne peuvent \u00eatre r\u00e9par\u00e9s par r\u00e9g\u00e9n\u00e9ration naturelle dans un d\u00e9lai raisonnable;<\/li>\n<li>d) environnement : la terre, ses \u00e9cosyst\u00e8mes, sa biosph\u00e8re, sa cryosph\u00e8re, sa lithosph\u00e8re, son hydrosph\u00e8re, son atmosph\u00e8re, ainsi que l&#8217;espace extra-atmosph\u00e9rique.<\/li>\n<\/ol>\n<ul>\n<li>2. Ce crime est puni d&#8217;une peine de niveau 6<em>\u00bb<a href=\"#_ftn18\" name=\"_ftnref18\"><sup><strong>[18]<\/strong><\/sup><\/a>.<\/em><\/li>\n<\/ul>\n<p><strong>Les \u00e9l\u00e9ments constitutifs de l\u2019infraction<\/strong><\/p>\n<ol>\n<li><u>L\u2019\u00e9l\u00e9ment mat\u00e9riel<\/u><\/li>\n<\/ol>\n<p>L\u2019\u00e9l\u00e9ment mat\u00e9riel du crime d\u2019\u00e9cocide, tel qu\u2019envisag\u00e9 par la Commission supposait deux composantes, en r\u00e9alit\u00e9, il en comprend trois\u00a0:<\/p>\n<ul>\n<li>Un acte illicite<\/li>\n<\/ul>\n<p>Alors que les \u00e9tudes internationales et la Commission de r\u00e9forme du Code p\u00e9nal pr\u00e9voyaient que tant les actes illicites qu\u2019arbitraires pouvaient \u00eatre incrimin\u00e9s au titre du crime d\u2019\u00e9cocide<a href=\"#_ftn19\" name=\"_ftnref19\"><sup>[19]<\/sup><\/a>, le l\u00e9gislateur f\u00e9d\u00e9ral a pr\u00e9f\u00e9r\u00e9 limiter cet \u00e9l\u00e9ment constitutif de l\u2019infraction aux seuls actes ill\u00e9gaux\u00a0:<\/p>\n<p>\u00ab\u00a0L\u2019acte doit \u00eatre ill\u00e9gal. Le terme \u201cill\u00e9gal\u201d se r\u00e9f\u00e8re \u00e0 tout comportement qui serait en infraction avec le droit international ou le droit interne. En s\u2019inspirant de la proposition de directive relative \u00e0 la protection de l\u2019environnement par le droit p\u00e9nal et rempla\u00e7ant la directive\u00a02008\/99\/CE, il convient \u00e9galement de pr\u00e9ciser que l\u2019acte est r\u00e9put\u00e9 ill\u00e9gal m\u00eame s\u2019il est exerc\u00e9 sur autorisation d\u2019une autorit\u00e9 comp\u00e9tente de l\u2019\u00c9tat lorsque l\u2019autorisation a \u00e9t\u00e9 obtenue frauduleusement ou par corruption, extorsion ou contrainte\u00a0\u00bb<a href=\"#_ftn20\" name=\"_ftnref20\"><sup>[20]<\/sup><\/a>.<\/p>\n<p>La d\u00e9finition \u00e9labor\u00e9e par la Commission, et finalement retenue par le l\u00e9gislateur, pr\u00e9cise que l\u2019\u00e9cocide peut \u00eatre commis par \u00ab\u00a0action, mais \u00e9galement par omission\u00a0\u00bb. L\u2019\u00e9l\u00e9ment mat\u00e9riel de l\u2019infraction comprend donc les actes positifs mais \u00e9galement l\u2019abstention de poser un acte ou de prendre les mesures qui permettraient d\u2019\u00e9viter la survenance d\u2019une situation d\u2019\u00e9cocide.<\/p>\n<p>Pour Madame Bernard, \u00ab<em>\u00a0<\/em>cette pr\u00e9cision, si elle peut sembler anodine, augmente fortement le nombre et le type d\u2019acteurs dont la responsabilit\u00e9 p\u00e9nale pourrait \u00eatre engag\u00e9e au titre d\u2019\u00e9cocide. En effet, en sus de la responsabilit\u00e9 des particuliers, l\u2019on peut imaginer engager celle d\u2019une entreprise qui entreprendrait un projet constitutif d\u2019\u00e9cocide, ou celle de l\u2019Etat belge qui s\u2019abstiendrait d\u00e9lib\u00e9r\u00e9ment d\u2019agir pour \u00e9viter une catastrophe \u00e9cologique. Le fait d\u2019admettre les omissions comme des \u00e9cocides pourrait permettre de pallier, \u00e0 tout le moins partiellement, aux difficult\u00e9s actuelles, li\u00e9es \u00e0 l\u2019\u00e9tablissement des responsabilit\u00e9s \u00e9tatiques pour les dommages environnementaux ou climatiques. Sans autre pr\u00e9cision dans la d\u00e9finition, il faut enfin consid\u00e9rer que tant des actes uniques que cumulatifs pourront qualifier au titre d\u2019\u00e9cocide, pour autant que les autres conditions soient rencontr\u00e9es\u00a0\u00bb<a href=\"#_ftn21\" name=\"_ftnref21\"><sup>[21]<\/sup><\/a>.<\/p>\n<p>Enfin les travaux pr\u00e9paratoires pr\u00e9cisent que \u00ab\u00a0le terme \u201cacte\u201d vise les actes ill\u00e9gaux. Il peut s\u2019agir d\u2019un acte isol\u00e9 ou d\u2019actes cumulatifs si ceux-ci sont pris par la m\u00eame personne ou par le m\u00eame ensemble de personnes identifiables\u00a0\u00bb<a href=\"#_ftn22\" name=\"_ftnref22\"><sup>[22]<\/sup><\/a>.<\/p>\n<ul>\n<li>Un acte causant des dommages graves qui soient \u00e9tendus et durables \u00e0 l\u2019environnement<\/li>\n<\/ul>\n<p>Selon la Commission, il \u00e9tait n\u00e9cessaire qu\u2019il s\u2019agisse d\u2019actes \u00ab\u00a0causant ou pouvant causer\u00a0\u00bb des dommages graves, \u00e9tendus et a\u0300 long terme \u00e0 l\u2019environnement. Il n\u2019\u00e9tait donc pas requis qu\u2019un tel dommage soit effectivement survenu\u00a0; une r\u00e9elle probabilit\u00e9 que cela se produise suffisait<a href=\"#_ftn23\" name=\"_ftnref23\"><sup>[23]<\/sup><\/a>.<\/p>\n<p>Le l\u00e9gislateur n\u2019a toutefois pas retenu cette proposition, puisque le second \u00e9l\u00e9ment constitutif mat\u00e9riel n\u00e9cessite la survenance effective d\u2019un dommage.<\/p>\n<p>En outre, les travaux pr\u00e9paratoires r\u00e9v\u00e8lent que, suivant la proposition de la Commission, la volont\u00e9 du l\u00e9gislateur a \u00e9t\u00e9 de s\u2019\u00e9carter des travaux r\u00e9alis\u00e9s par les groupes de travail internationaux et de pr\u00e9voir certains crit\u00e8res cumulatifs et non alternatifs relatifs aux caract\u00e9ristiques du dommage\u00a0:<\/p>\n<p>\u00ab\u00a0Les dommages doivent \u00eatre graves, \u00e9tendus et \u00e0 long terme. Les textes internationaux de r\u00e9f\u00e9rence utilisent diff\u00e9rentes conjonctions pour relier ces crit\u00e8res, avec pour cons\u00e9quence une variation dans le champ d\u2019application (\u2026). La convention ENMOD<a href=\"#_ftn24\" name=\"_ftnref24\">[24]<\/a> utilise l\u2019expression \u201ceffet \u00e9tendus, durables ou graves\u201d faisant ainsi de ces seuils des conditions alternatives. Le Protocole I additionnel aux Conventions de Gen\u00e8ve du\u00a012\u00a0ao\u00fbt\u00a01949 et l\u2019article 8, 2), b), iv), du Statut de Rome ont, eux, recours aux crit\u00e8res cumulatifs ce qui restreint tr\u00e8s fortement le champ de l\u2019interdiction. Afin de ne pas \u00e9tendre consid\u00e9rablement le champ d\u2019application, il est choisi de rendre les trois crit\u00e8res cumulatifs. Par cons\u00e9quent, il s\u2019agit ici de r\u00e9primer les auteurs d\u2019actes ill\u00e9gaux avec des dommages environnementaux graves, qui doivent, en outre, \u00eatre \u00e9tendus et \u00e0 long terme. Il y a donc un caract\u00e8re doublement exceptionnel li\u00e9 \u00e0 la r\u00e9pression du crime d\u2019\u00e9cocide, qu\u2019il s\u2019agira pour le juge de d\u00e9terminer in casu, notamment \u00e0 la lumi\u00e8re des limites plan\u00e9taires d\u00e9termin\u00e9es par la science<em>\u00a0\u00bb<\/em><a href=\"#_ftn25\" name=\"_ftnref25\"><sup>[25]<\/sup><\/a><em>.<\/em><\/p>\n<p>En conclusion, pour qu\u2019il y ait crime d\u2019\u00e9cocide, il faut un dommage effectif \u00e0 l\u2019environnement qui soit grave, \u00e9tendu et \u00e0 long terme.<\/p>\n<p>Le l\u00e9gislateur, suivant en cela la Commission, a d\u00e9fini de mani\u00e8re pr\u00e9cise ce que chaque notion recouvre\u00a0:<\/p>\n<p>&#8211;\u00a0 Le dommage est grave, lorsqu\u2019il entraine des changements, perturbations ou atteintes n\u00e9gatifs hautement pr\u00e9judiciables \u00e0 une quelconque composante de l&#8217;environnement, y compris des r\u00e9percussions substantielles sur la vie ou la sant\u00e9 humaine, sur la biodiversit\u00e9 ou sur les ressources naturelles, culturelles ou \u00e9conomiques pour la soci\u00e9t\u00e9;<\/p>\n<p>&#8211; Le dommage est \u00e9tendu, lorsqu\u2019il s\u2019\u00e9tend au-del\u00e0 d&#8217;une zone g\u00e9ographique limit\u00e9e, qui traversent les fronti\u00e8res d&#8217;une r\u00e9gion ou d&#8217;un Etat ou qui sont subis par un \u00e9cosyst\u00e8me entier ou une esp\u00e8ce enti\u00e8re ou un nombre important d&#8217;\u00eatres humains;<\/p>\n<p>&#8211; Le dommage est \u00e0 long terme, lorsqu\u2019il est irr\u00e9versible ou qu\u2019il ne peut \u00eatre r\u00e9par\u00e9 par r\u00e9g\u00e9n\u00e9ration naturelle dans un d\u00e9lai raisonnable;<\/p>\n<p>&#8211; Le dommage est un dommage environnemental lorsqu\u2019il est occasionn\u00e9 \u00e0 la terre, \u00e0 ses \u00e9cosyst\u00e8mes, \u00e0 sa biosph\u00e8re, \u00e0 sa cryosph\u00e8re, \u00e0 sa lithosph\u00e8re, \u00e0 son hydrosph\u00e8re, \u00e0 son atmosph\u00e8re, ainsi qu\u2019\u00e0 l&#8217;espace extra-atmosph\u00e9rique.<\/p>\n<ul>\n<li>Un acte relevant de la comp\u00e9tence du l\u00e9gislateur f\u00e9d\u00e9ral<\/li>\n<\/ul>\n<p>Suivant, en cela l\u2019avis de la section de l\u00e9gislation du Conseil d\u2019Etat, le l\u00e9gislateur a limit\u00e9 de mani\u00e8re assez importante, les hypoth\u00e8ses vis\u00e9es par le nouvel article 94 du Code p\u00e9nal\u00a0:<\/p>\n<p>\u00ab\u00a0Dans son avis du\u00a09\u00a0juin\u00a02023, le Conseil d\u2019\u00c9tat a pr\u00e9cis\u00e9 les r\u00e8gles de r\u00e9partition des comp\u00e9tences dans le domaine de l\u2019environnement : \u201cIl d\u00e9coule de ce qui pr\u00e9c\u00e8de que les r\u00e9gions sont comp\u00e9tentes pour maintenir la protection de l\u2019environnement sur leur territoire, que ce soit ou non par la voie p\u00e9nale. Cette comp\u00e9tence inclut, pour le l\u00e9gislateur d\u00e9cr\u00e9tal et ordonnanciel, celle de choisir d\u2019assortir les dispositions qu\u2019il adopte de sanctions p\u00e9nales sur la base de l\u2019article 11 de la loi sp\u00e9ciale du\u00a08\u00a0ao\u00fbt\u00a01980, de renoncer \u00e0 celles-ci, de choisir d\u2019autres mesures ou d\u2019habiliter les autorit\u00e9s locales \u00e0 infliger des sanctions administratives (\u2026).<\/p>\n<p>Par cons\u00e9quent, dans la mesure o\u00f9 il incrimine tout fait ill\u00e9gal d\u00e9lib\u00e9r\u00e9ment commis qui cause des dommages graves, \u00e9tendus et \u00e0 long terme \u00e0 l\u2019environnement, le r\u00e9gime en projet ne peut pas se concr\u00e9tiser. (\u2026) Si les auteurs de l\u2019avant-projet souhaitent maintenir le r\u00e9gime en projet dans sa forme actuelle en pr\u00e9voyant l\u2019incrimination du crime d\u2019\u00e9cocide, il conviendra de limiter son champ d\u2019application afin qu\u2019il puisse s\u2019inscrire dans le cadre de la comp\u00e9tence de l\u2019autorit\u00e9 f\u00e9d\u00e9rale.\u201d. C\u2019est pour cette raison qu\u2019un ajout est apport\u00e9 \u00e0 la criminalisation de l\u2019\u00e9cocide, \u00e0 savoir la d\u00e9limitation aux r\u00e8glementations f\u00e9d\u00e9rales et aux r\u00e8glements internationaux qui lient le gouvernement f\u00e9d\u00e9ral\u00a0(\u2026).<\/p>\n<p>Ainsi, il appartient \u00e0 l\u2019autorit\u00e9 f\u00e9d\u00e9rale d\u2019\u00e9dicter la r\u00e9glementation relative \u00e0 la protection contre les radiations ionisantes, en ce compris les d\u00e9chets radioactifs (\u2026).<\/p>\n<p>Sur cette base, l\u2019autorit\u00e9 f\u00e9d\u00e9rale peut incriminer l\u2019\u00e9cocide r\u00e9sultant de radiations ionisantes et de d\u00e9chets radioactifs (\u2026).<\/p>\n<p>Sur la base de la comp\u00e9tence r\u00e9siduelle qu\u2019elle exerce dans les espaces marins belges en ce qui concerne les mati\u00e8res de l\u2019environnement et de la politique de l\u2019eau, l\u2019autorit\u00e9 f\u00e9d\u00e9rale peut en outre incriminer les infractions qualifi\u00e9es d\u2019\u201c\u00e9cocide\u201d commises dans les espaces marins belges (\u2026) pour autant qu\u2019il ne soit pas port\u00e9 atteinte aux comp\u00e9tences express\u00e9ment attribu\u00e9es aux entit\u00e9s f\u00e9d\u00e9r\u00e9es dans les espaces marins belges, \u00e0 l\u2019exercice par les entit\u00e9s f\u00e9d\u00e9r\u00e9es de leur pleine comp\u00e9tence sur leur territoire respectif (en ce compris, \u00e9galement, la zone de plage et les eaux int\u00e9rieures) ou \u00e0 l\u2019exercice des comp\u00e9tences mat\u00e9rielles des entit\u00e9s f\u00e9d\u00e9r\u00e9es dans le cadre de la coop\u00e9ration internationale (\u2026)<\/p>\n<p>L\u2019autorit\u00e9 f\u00e9d\u00e9rale peut \u00e9riger en infraction le crime d\u2019\u00e9cocide en l\u2019absence de crit\u00e8re de localisation situant le fait ill\u00e9gal dans l\u2019aire de comp\u00e9tence territoriale d\u2019une r\u00e9gion d\u00e9termin\u00e9e, bien qu\u2019il soit port\u00e9 atteinte aux comp\u00e9tences des r\u00e9gions en mati\u00e8re de protection de l\u2019environnement et de politique de l\u2019eau. Tel serait par exemple le cas pour des infractions commises en Antarctique, comme c\u2019\u00e9tait le cas pour la loi du\u00a021\u00a0juillet\u00a02017 sur laquelle la Cour constitutionnelle a rendu l\u2019arr\u00eat\u00a0n\u00b0\u00a057\/2020, ou dans l\u2019espace extra-atmosph\u00e9rique (\u2026)<\/p>\n<p>Lorsque des activit\u00e9s ill\u00e9gales qualifi\u00e9es d\u2019\u00e9cocide se d\u00e9roulent sur le territoire belge, elles rel\u00e8vent en principe de la comp\u00e9tence des r\u00e9gions en ce qui concerne la protection de l\u2019environnement, m\u00eame lorsque les cons\u00e9quences d\u00e9passent leur territoire et s\u2019\u00e9tendent, par exemple, \u00e0 l\u2019espace extra-atmosph\u00e9rique.<\/p>\n<p>Concr\u00e8tement, il existe donc trois cas de figure dans lesquels l\u2019autorit\u00e9 f\u00e9d\u00e9rale est comp\u00e9tente pour criminaliser l\u2019\u00e9cocide:<\/p>\n<p>\u2014 pour les dommages r\u00e9sultant de radiations ionisantes ou de d\u00e9chets radioactifs;<\/p>\n<p>\u2014 pour les dommages caus\u00e9s dans ou sur la mer du Nord;<\/p>\n<p>\u2014 pour les actes qui ne peuvent pas \u00eatre localis\u00e9s en Belgique. Cette derni\u00e8re possibilit\u00e9 d\u00e9pend d\u2019une r\u00e9glementation f\u00e9d\u00e9rale concr\u00e8te concernant des dommages environnementaux \u00e0 l\u2019\u00e9tranger.<\/p>\n<p>Entre-temps, il est n\u00e9cessaire de s\u2019appuyer sur la l\u00e9gislation f\u00e9d\u00e9rale d\u00e9j\u00e0 existante\u00a0\u00bb<a href=\"#_ftn26\" name=\"_ftnref26\"><sup>[26]<\/sup><\/a>.<\/p>\n<p>D\u00e8s lors, dans l\u2019attente d\u2019une loi f\u00e9d\u00e9rale, prise sur la base de la comp\u00e9tence r\u00e9siduelle de l\u2019Etat f\u00e9d\u00e9ral, incriminant concr\u00e8tement les atteintes \u00e0 l\u2019environnement en dehors de la Belgique et d\u00e9finissant ce qui constitue un acte ill\u00e9gal, seuls peuvent \u00eatre poursuivis sur la base de l\u2019article 94 nouveau du Code p\u00e9nal, les comportements occasionnant des dommages graves, \u00e9tendus et \u00e0 long terme\u00a0:<\/p>\n<ul>\n<li>r\u00e9sultant de radiations ionisantes ou provenant de d\u00e9chets radioactifs\u00a0;<\/li>\n<li>caus\u00e9 dans ou sur la mer du Nord, pour autant pour autant qu\u2019il ne soit pas port\u00e9 atteinte aux comp\u00e9tences express\u00e9ment attribu\u00e9es aux entit\u00e9s f\u00e9d\u00e9r\u00e9es dans les espaces marins belges, \u00e0 l\u2019exercice par les entit\u00e9s f\u00e9d\u00e9r\u00e9es de leur pleine comp\u00e9tence sur leur territoire respectif (en ce compris, \u00e9galement, la zone de plage et les eaux int\u00e9rieures) ou \u00e0 l\u2019exercice des comp\u00e9tences mat\u00e9rielles des entit\u00e9s f\u00e9d\u00e9r\u00e9es dans le cadre de la coop\u00e9ration internationale\u00a0;<\/li>\n<li>r\u00e9sultant des activit\u00e9s men\u00e9es sous juridiction belge en Antarctique en vertu de la loi du\u00a021\u00a0juillet\u00a02017 relative \u00e0 la protection de l&#8217;environnement et \u00e0 la r\u00e9gulation des activit\u00e9s men\u00e9es sous juridiction belge en Antarctique<a href=\"#_ftn27\" name=\"_ftnref27\"><sup>[27]<\/sup><\/a>.<\/li>\n<\/ul>\n<ol start=\"2\">\n<li><u>L\u2019\u00e9l\u00e9ment moral\u00a0: dol g\u00e9n\u00e9ral<\/u><\/li>\n<\/ol>\n<p>En ce qui concerne l\u2019\u00e9l\u00e9ment moral, la Commission a propos\u00e9 que le comportement ait \u00e9t\u00e9 adopte\u0301 d\u00e9lib\u00e9r\u00e9ment et en connaissance de ses cons\u00e9quences dommageables probables. L\u2019intention n\u2019est donc requise qu\u2019en relation avec le comportement pose\u0301 et non en rapport avec ses cons\u00e9quences, pour lesquelles seule la connaissance est n\u00e9cessaire\u00a0:<\/p>\n<p>\u00ab Il n\u2019est nullement requis qu\u2019il soit prouv\u00e9 que l\u2019auteur ait agi dans le but de causer \u00e0 l\u2019environnement des dommages graves, \u00e9tendus et \u00e0 long terme mais il suffit qu\u2019en adoptant le comportement incrimin\u00e9, il ait \u00e9t\u00e9 conscient de la probabilit\u00e9 effective que de tels dommages adviennent\u00a0\u00bb<sup> <a href=\"#_ftn28\" name=\"_ftnref28\">[28]<\/a><\/sup>.<\/p>\n<p>Cette proposition a \u00e9t\u00e9 retenue par le l\u00e9gislateur, qui s\u2019en est expliqu\u00e9 comme suit dans les travaux pr\u00e9paratoires\u00a0:<\/p>\n<p>\u00ab\u00a0Compte tenu de la gravit\u00e9 de cette infraction, il est opt\u00e9 pour suivre l\u2019avis de la Commission pour la r\u00e9forme du droit p\u00e9nal qui avait propos\u00e9 de r\u00e9server l\u2019incrimination d\u2019\u00e9cocide aux seuls comportements intentionnels requ\u00e9rant un dol g\u00e9n\u00e9ral, c\u2019est-\u00e0-dire \u201cl\u2019intention d\u2019adopter en connaissance de cause le comportement incrimin\u00e9 par la loi\u201d. Il faut prouver qu\u2019un acte intentionnel a caus\u00e9 des dommages graves, \u00e9tendus et \u00e0 long terme, en connaissance que cet acte cause de tels dommages. Le seuil de gravit\u00e9 faisant d\u00e9j\u00e0 partie de l\u2019\u00e9l\u00e9ment mat\u00e9riel du crime d\u2019\u00e9cocide, l\u2019\u00e9l\u00e9ment de gravit\u00e9 n\u2019est pas rappel\u00e9 au niveau de l\u2019\u00e9l\u00e9ment moral\u00a0\u00bb<a href=\"#_ftn29\" name=\"_ftnref29\"><sup>[29]<\/sup><\/a>.<\/p>\n<p>L\u2019auteur des actes qualifi\u00e9s d\u2019\u00e9cocide doit les avoir pos\u00e9s non pas avec la volont\u00e9 d\u2019occasionner a\u0300 l\u2019environnement des dommages graves qui soient \u00e9tendus ou durables \u00e0 l\u2019environnement mais en sachant que les actes pouvaient occasionner un tel dommage.<\/p>\n<p><strong>La peine<\/strong><\/p>\n<p>La Commission proposait une peine de niveau 8. Le l\u00e9gislateur a opt\u00e9 pour une peine de niveau 6, soit\u00a0une peine de prison de 15 ans \u00e0 20 ans au plus ou un traitement sous privation de libert\u00e9 de plus de 11 ans \u00e0 16 ans au plus<\/p>\n<p><strong>\u00a0<\/strong>Il faut d\u2019ailleurs pr\u00e9ciser que le l\u00e9gislateur n\u2019a pas souhait\u00e9 limiter l\u2019incrimination aux seules personnes physiques\u00a0:<\/p>\n<p>\u00ab\u00a0D\u00e8s lors que le Livre I er consacre la responsabilit\u00e9 des personnes morales de droit priv\u00e9 comme de droit public, ces personnes pourront \u00e9galement faire l\u2019objet de poursuites du chef de crime d\u2019\u00e9cocide. De m\u00eame, les peines accessoires pr\u00e9vues dans le Livre I er (confiscation, amende ou peine p\u00e9cuniaire fix\u00e9e en fonction du profit esp\u00e9r\u00e9 ou obtenu de l\u2019infraction, interdiction professionnelle, fermeture d\u2019\u00e9tablissement, \u2026) seront applicables \u00e0 ce crime\u00a0\u00bb<a href=\"#_ftn30\" name=\"_ftnref30\"><sup>[30]<\/sup><\/a>.<\/p>\n<p><strong>Conclusion<\/strong><\/p>\n<p>Cette l\u00e9gislation, si elle a un effet symbolique louable, constitue malheureusement un travail non abouti.<\/p>\n<p>En effet, en l\u2019\u00e9tat, on rel\u00e8ve le caract\u00e8re anecdotique des situations qui pourraient donner lieu \u00e0 des poursuites en l\u2019absence d\u2019adoption de la loi f\u00e9d\u00e9rale permettant la poursuite des crimes environnementaux commis \u00e0 l\u2019\u00e9tranger.<\/p>\n<p>&#8212;&#8212;&#8212;&#8212;&#8212;&#8212;&#8212;&#8212;&#8212;&#8212;&#8212;&#8211;<\/p>\n<p><a href=\"#_ftnref1\" name=\"_ftn1\">[1]<\/a> Voyez l\u2019article 94 <em>sub<\/em> article 2 de la loi du 29 f\u00e9vrier 2024 introduisant le livre II du Code p\u00e9nal, <em>M.B<\/em>., 8 avril 2024.<\/p>\n<p><a href=\"#_ftnref2\" name=\"_ftn2\">[2]<\/a> A l\u2019origine, l\u2019\u00e9cocide n\u2019\u00e9tait envisag\u00e9 qu\u2019en lien avec les conflits arm\u00e9s, la premi\u00e8re convention internationale qui traite de protection de l\u2019environnement \u00e9tant la Convention sur l&#8217;interdiction d&#8217;utiliser des techniques de modification de l&#8217;environnement \u00e0 des fins militaires ou toutes autres fins hostiles adopt\u00e9e \u00e0 New York le 10 d\u00e9cembre 1976 et entr\u00e9e en vigueur le 5 octobre 1978), Recueil des Trait\u00e9s, vol. 1108, p. 151. Voyez pour le surplus A. Bernard, \u00ab\u00a0La reconnaissance progressive du crime d\u2019\u00e9cocide\u00a0: perspectives internationales, europ\u00e9ennes et Belge\u00a0\u00bb, in, B. Havet (coord.), <em>La d\u00e9linquance urbanistique et environnementale en R\u00e9gion de Bruxelles-capitale et en R\u00e9gion wallonne \u2013 Aspects pratiques et compar\u00e9s<\/em>, Bruxelles, Larcier, 2023, p. 584.<\/p>\n<p><a href=\"#_ftnref3\" name=\"_ftn3\">[3]<\/a> C. Bimbenet, \u00ab L\u2019e\u0301cocide en tant que crime de droit international dans le nouveau Code pe\u0301nal : une nouvelle arme contre les pollueurs ? \u00bb, <em>Schoups<\/em>, 2022, p. 1. Ces travaux nourriront la r\u00e9flexion de la commission de r\u00e9forme du Code p\u00e9nal charg\u00e9e de rendre un avis du l\u2019\u00e9cocide (art. 1<sup>er<\/sup>, A.M. 20 d\u00e9cembre, <em>M.B.<\/em>, 20 janvier 2021).<\/p>\n<p><a href=\"#_ftnref4\" name=\"_ftn4\">[4]<\/a> Cette d\u00e9finition est disponible sur le site de la Fondation Stop Ecocide <a href=\"https:\/\/fr.stopecocide.earth\/legal-definition\">https:\/\/fr.stopecocide.earth\/legal-definition<\/a> (consult\u00e9 le 7 f\u00e9vrier 2025).<\/p>\n<p><a href=\"#_ftnref5\" name=\"_ftn5\">[5]<\/a> Pour une analyse de la doctrine et des diverses d\u00e9cisions prononc\u00e9es sur ces bases, voyez A. Bernard, <em>op. cit.<\/em>, pp. 585 et 586.<\/p>\n<p><a href=\"#_ftnref6\" name=\"_ftn6\">[6]<\/a> Trait\u00e9 sur l\u2019Union europ\u00e9enne, sign\u00e9 \u00e0 Maastricht le 7 f\u00e9vrier 1992 et entr\u00e9 en vigueur le 1<sup>er<\/sup> novembre 1993, <em>M.B.<\/em>, 30 octobre 1993, p. 23844.<\/p>\n<p><a href=\"#_ftnref7\" name=\"_ftn7\">[7]<\/a> Charte des droits fondamentaux de l\u2019Union europ\u00e9enne, sign\u00e9e et entr\u00e9e en vigueur le 7 d\u00e9cembre 2000, JOUE, C 364\/01.<\/p>\n<p><a href=\"#_ftnref8\" name=\"_ftn8\">[8]<\/a> Directive du Parlement europ\u00e9en et du Conseil du 19 novembre 2008 relative \u00e0 la protection de l\u2019environnement par le droit p\u00e9nal (2008\/99\/CE), JOUE, L328\/28.<\/p>\n<p><a href=\"#_ftnref9\" name=\"_ftn9\">[9]<\/a> Parlement europ\u00e9en, <em>Report on the proposal for a directive of the European Parliament and of the Council on the protection of the environment through criminal law and replacing Directive 2008\/99\/EC<\/em>, n\u00b0 A9-0087\/2023, 28 mars 2023, disponible \u00e0 <a href=\"https:\/\/www.europarl.europa.eu\/doceo\/document\/A-9-2023-0087_FR.html\">https:\/\/www.europarl.europa.eu\/doceo\/document\/A-9-2023-0087_FR.html<\/a>\u00a0 (consult\u00e9 le 19 janvier 2024), Amendement 20.<\/p>\n<p><a href=\"#_ftnref10\" name=\"_ftn10\">[10]<\/a> L\u2019amendement na, en effet, pas pass\u00e9 l\u2019\u00e9tape du \u00ab\u00a0<em>Trilogue<\/em>\u00a0\u00bb durant laquelle, la Commission, Le parlement et le Conseil europ\u00e9ens n\u00e9gocient le texte final d\u2019une l\u00e9gislation europ\u00e9enne.<\/p>\n<p><a href=\"#_ftnref11\" name=\"_ftn11\">[11]<\/a> L\u2019article 1<sup>er<\/sup> de l\u2019arr\u00eat\u00e9 minist\u00e9riel du 22 de\u0301cembre 2020 portant cre\u0301ation de la Commission de re\u0301forme du droit pe\u0301nal dispose\u00a0:<\/p>\n<p><em>\u00ab\u00a0<\/em>Il est cr\u00e9\u00e9 une Commission de r\u00e9forme du droit p\u00e9nal.<br \/>\nCette commission est charg\u00e9e de :<br \/>\n(\u2026)<\/p>\n<p>3\u00b0 rendre un avis sur certains sujets tels que :<br \/>\n(\u2026)<br \/>\n&#8211; l&#8217;\u00e9cocide\u00a0\u00bb (<em>M.B.<\/em>, 20 janvier 2021).<\/p>\n<p><a href=\"#_ftnref12\" name=\"_ftn12\">[12]<\/a> <em>Doc. parl<\/em>., Chambre, 2022-2023, n\u00b0 55 3518\/001, p. 100.<\/p>\n<p><a href=\"#_ftnref13\" name=\"_ftn13\">[13]<\/a> Article 35 de la Constitution.<\/p>\n<p><a href=\"#_ftnref14\" name=\"_ftn14\">[14]<\/a> Sauf certains aspects de l\u2019environnement attribu\u00e9 sp\u00e9cifiquement par l\u2019article 6 \u00a71<sup>er<\/sup> de la loi sp\u00e9ciale du 8 ao\u00fbt 1980, (<em>M.B<\/em>., 15 ao\u00fbt 1980), tels que la protection de l\u2019environnement dans les espaces internationaux ou la gestion des d\u00e9chets nucl\u00e9aires.<\/p>\n<p><a href=\"#_ftnref15\" name=\"_ftn15\">[15]<\/a> C. Const., 28 mai 2009, n\u00b087\/2009, B.10.<\/p>\n<p><a href=\"#_ftnref16\" name=\"_ftn16\">[16]<\/a> SLCE, 9 juin 2023, n\u00b072.477\/3, pp. 72 et 73.<\/p>\n<p><a href=\"#_ftnref17\" name=\"_ftn17\">[17]<\/a> Article 94 <em>sub<\/em> 2 de la loi du 22 f\u00e9vrier 2024 introduisant le livre II du Code p\u00e9nal, <em>M.B<\/em>., 8 avril 2024.<\/p>\n<p><a href=\"#_ftnref18\" name=\"_ftn18\">[18]<\/a> Ce texte s\u2019\u00e9carte, sur plusieurs points, de celui propos\u00e9 par la Commission, qui est reproduit ci-apr\u00e8s\u00a0:<\/p>\n<p>La d\u00e9finition de l\u2019\u00e9cocide propos\u00e9e par la Commission est la suivante\u00a0:<\/p>\n<p>\u00ab Constitue un crime de droit international et est r\u00e9prim\u00e9 conform\u00e9ment aux dispositions du pr\u00e9sent titre, le crime d\u2019\u00e9cocide tel que d\u00e9fini ci-apr\u00e8s, qu\u2019il soit commis en temps de paix ou en temps de guerre.<\/p>\n<p>Le crime d\u2019\u00e9cocide consiste a\u0300 commettre d\u00e9lib\u00e9r\u00e9ment, par action ou par omission, des actes illicites <span style=\"text-decoration: line-through;\">ou arbitraires<\/span> causant <span style=\"text-decoration: line-through;\">ou pouvant causer<\/span> des dommages graves, \u00e9tendus et a\u0300 long terme a\u0300 l\u2019environnement en sachant <span style=\"text-decoration: line-through;\">qu\u2019il existe une r\u00e9elle probabilit\u00e9<\/span> que ces actes causent de tels dommages (\u00ab\u00a0pour autant que cet acte constitue une infraction \u00e0 la l\u00e9gislation f\u00e9d\u00e9rale ou \u00e0 un instrument international qui lie l&#8217;autorit\u00e9 f\u00e9d\u00e9rale ou si l&#8217;acte ne peut pas \u00eatre localis\u00e9 en Belgique\u00a0\u00bb a \u00e9t\u00e9 ajout\u00e9 dans le texte adopt\u00e9 par le Parlement et publi\u00e9 au Moniteur belge).<\/p>\n<p>Aux fins de l\u2019alin\u00e9a pr\u00e9c\u00e9dent,<\/p>\n<ol>\n<li><span style=\"text-decoration: line-through;\">Par \u2018Arbitraire\u2019, on entend les actes commis avec un m\u00e9pris volontaire ou imprudent pour les dommages qui seraient manifestement excessifs par rapport aux avantages sociaux et \u00e9conomiques attendus\u00a0; <\/span><\/li>\n<li>Par \u2018Grave\u2019, on entend les dommages qui entra\u00eenent des changements, perturbations ou atteintes hautement pr\u00e9judiciables \u00e0 l\u2019une quelconque composante de l\u2019environnement, y compris des r\u00e9percussions graves sur la vie humaine, sur la biodiversit\u00e9 ou sur les ressources naturelles, culturelles ou \u00e9conomiques\u00a0;<\/li>\n<li>Par \u2018\u00c9tendu\u2019, on entend que les dommages s\u2019\u00e9tendent au-del\u00e0 d\u2019une zone g\u00e9ographique limit\u00e9e, qu\u2019ils traversent des fronti\u00e8res <span style=\"text-decoration: line-through;\">nationales<\/span> (remplac\u00e9 dans le texte adopt\u00e9 et publi\u00e9 au Moniteur belge par \u00ab\u00a0d\u2019une r\u00e9gion ou d\u2019un Etat\u00a0\u00bb), ou qu\u2019ils touchent un \u00e9cosyst\u00e8me entier ou une esp\u00e8ce enti\u00e8re ou un nombre important d\u2019\u00eatres humains\u00a0;<\/li>\n<li>Par \u2018A long terme\u2019, on entend que les dommages sont irr\u00e9versibles ou qu\u2019ils ne peuvent \u00eatre corrig\u00e9s par r\u00e9g\u00e9n\u00e9ration naturelle dans un d\u00e9lai raisonnable\u00a0;<\/li>\n<li>Par \u2018Environnement\u2019, on entend la Terre, sa biosph\u00e8re, sa cryosph\u00e8re, sa lithosph\u00e8re, son hydrosph\u00e8re et son atmosph\u00e8re, ainsi que l\u2019espace extra-atmosph\u00e9rique\u00a0\u00bb.<\/li>\n<\/ol>\n<p>Ce crime est puni d\u2019une peine de niveau <span style=\"text-decoration: line-through;\">8<\/span> (remplac\u00e9 dans le texte adopt\u00e9 et publi\u00e9 au Moniteur belge par \u00ab\u00a06\u00a0\u00bb)\u00a0\u00bb (texte cit\u00e9 par\u00a0: C.-H. Born, J. De Herdt, J. Rozie et D. Vandermeersch, <em>op. cit.<\/em>, p. 304). Les diff\u00e9rences importantes entre le texte de la proposition formul\u00e9e par la commission et le texte publi\u00e9 au Moniteur belge ont \u00e9t\u00e9 indiqu\u00e9es dans le texte. Les suppressions ont \u00e9t\u00e9 ratur\u00e9es tandis que les ajouts et modifications sont indiqu\u00e9es entre parenth\u00e8ses.<\/p>\n<p><a href=\"#_ftnref19\" name=\"_ftn19\">[19]<\/a> L\u2019acte illicite est par nature ill\u00e9gal, l\u2019acte arbitraire \u00e9tant en revanche licite. D\u00e8s lors, un crit\u00e8re suppl\u00e9mentaire, directement inspir\u00e9 du concept de d\u00e9veloppement durable, impose d\u2019\u00e9valuer \u00ab l\u2019\u00e9quilibre entre les avantages sociaux et \u00e9conomiques d\u2019une part, et les atteintes a\u0300 l\u2019environnement, d\u2019autre part\u00a0\u00bb afin de d\u00e9terminer si l\u2019acte est \u2018suffisamment arbitraire\u2019 que pour \u00eatre qualifi\u00e9 d\u2019\u00e9cocide. (C.-H. Born, J. De Herdt, J. Rozie et D. Vandermeersch, \u00ab Vers l\u2019insertion d\u2019un crime d\u2019e\u0301cocide au titre de crime de droit international dans le nouveau <em>Code<\/em> pe\u0301nal \u00bb, <em>J.T.<\/em>, 2022, p. 303\u00a0; voyez aussi C.-H. Born, \u00ab Les contours de l\u2019e\u0301le\u0301ment mate\u0301riel des infractions environnementales et leur application a\u0300 l\u2019\u00e9cocide \u00bb, <em>in Droit re\u0301pressif de l\u2019environnement en Re\u0301gion wallonne, <\/em>P. Mo\u00ebrynck, J.-M. Secretin et L. Vansnick (coord.), Bruxelles, Larcier, 2022, pp. 78-79 et A. Bernard, op. cit., p.590 \u00e0 592).<\/p>\n<p><a href=\"#_ftnref20\" name=\"_ftn20\">[20]<\/a> Expos\u00e9 des motifs, <em>Doc. parl<\/em>., Chambre, 2022-2023, n\u00b0 55 3518\/001, p. 104.<\/p>\n<p><a href=\"#_ftnref21\" name=\"_ftn21\">[21]<\/a> A. Bernard, <em>op. cit<\/em>., p. 591.<\/p>\n<p><a href=\"#_ftnref22\" name=\"_ftn22\">[22]<\/a> Expos\u00e9 des motifs, <em>Doc. parl.,<\/em> Chambre, 2022-2023, n\u00b0 55 3518\/001, p. 104.<\/p>\n<p><a href=\"#_ftnref23\" name=\"_ftn23\">[23]<\/a> C. Bimbenet, \u00ab L\u2019e\u0301cocide en tant que crime de droit international dans le nouveau Code pe\u0301nal : une nouvelle arme contre les pollueurs ? \u00bb, <em>op. cit.<\/em>, pp. 2-3.<\/p>\n<p><a href=\"#_ftnref24\" name=\"_ftn24\">[24]<\/a> Ndlr, \u00e0 savoir\u00a0: La convention sur l\u2019interdiction d\u2019utiliser des techniques de modification de l\u2019environnement \u00e0 des fins militaires ou toutes autres fins hostiles (adopt\u00e9e \u00e0 New York, le 10 d\u00e9cembre 1976 et entr\u00e9e en vigueur le 5 octobre 1978), <em>Recueil des trait\u00e9s<\/em>, vol. 1108, p. 151.<\/p>\n<p><a href=\"#_ftnref25\" name=\"_ftn25\">[25]<\/a> Expos\u00e9 des motifs, <em>Doc. parl<\/em>.,Chambre, 2022-2023, n\u00b0 55 3518\/001, pp.104 et 105.<\/p>\n<p><a href=\"#_ftnref26\" name=\"_ftn26\">[26]<\/a> Expos\u00e9 des motifs, <em>Doc. parl.,<\/em> Chambre, 2022-2023, n\u00b0 55 3518\/001, pp.100 \u00e0 102.<\/p>\n<p><a href=\"#_ftnref27\" name=\"_ftn27\">[27]<\/a><em> M.B.<\/em>, 28 juillet 2017.<\/p>\n<p><a href=\"#_ftnref28\" name=\"_ftn28\">[28]<\/a> C.-H. Born, J. De Herdt, J. Rozie et D. Vandermeersch, <em>op. cit.<\/em>, p. 306.<\/p>\n<p><a href=\"#_ftnref29\" name=\"_ftn29\">[29]<\/a> Expos\u00e9 des motifs, <em>Doc.parl<\/em>., Chambre, 2022-2023, n\u00b0 55 3518\/001, p. 105.<\/p>\n<p><a href=\"#_ftnref30\" name=\"_ftn30\">[30]<\/a> Expos\u00e9 des motifs, <em>Doc.parl.,<\/em> Chambre, 2022-2023, n\u00b0 55 3518\/001, p. 105.<\/p>\n","protected":false},"excerpt":{"rendered":"<p>Entr\u00e9e en vigueur du nouveau Code p\u00e9nal\u00a0: la nouvelle incrimination de crime d\u2019\u00e9cocide [1] &nbsp; Introduction Ce n\u2019est que r\u00e9cemment que le crime d\u2019\u00e9cocide est entr\u00e9 dans la sph\u00e8re de r\u00e9flexion du monde juridique[2]. Au niveau international, un comit\u00e9 compose\u0301 de juristes internationaux, sp\u00e9cialis\u00e9s en droit de l\u2019environnement et en droit p\u00e9nal international, a e\u0301te\u0301 [&hellip;]<\/p>\n","protected":false},"author":10,"featured_media":15755,"comment_status":"closed","ping_status":"closed","sticky":false,"template":"","format":"standard","meta":{"_seopress_titles_title":"","_seopress_titles_desc":"","_seopress_robots_index":"","_seopress_robots_follow":"","_seopress_robots_imageindex":"","_seopress_robots_snippet":"","_seopress_robots_primary_cat":"","_seopress_robots_breadcrumbs":"","_seopress_robots_freeze_modified_date":"","_seopress_robots_custom_modified_date":"","_seopress_robots_canonical":"","_seopress_social_fb_title":"","_seopress_social_fb_desc":"","_seopress_social_fb_img":"","_seopress_social_fb_img_attachment_id":0,"_seopress_social_fb_img_width":0,"_seopress_social_fb_img_height":0,"_seopress_social_twitter_title":"","_seopress_social_twitter_desc":"","_seopress_social_twitter_img":"","_seopress_social_twitter_img_attachment_id":0,"_seopress_social_twitter_img_width":0,"_seopress_social_twitter_img_height":0,"_seopress_redirections_value":"","_seopress_redirections_enabled":"","_seopress_redirections_enabled_regex":"","_seopress_redirections_logged_status":"","_seopress_redirections_param":"","_seopress_redirections_type":0,"_seopress_analysis_target_kw":"","footnotes":""},"categories":[86,74],"tags":[],"class_list":["post-15743","post","type-post","status-publish","format-standard","has-post-thumbnail","hentry","category-evenement-de","category-press-de"],"_links":{"self":[{"href":"https:\/\/www.hv-a.be\/de\/wp-json\/wp\/v2\/posts\/15743","targetHints":{"allow":["GET"]}}],"collection":[{"href":"https:\/\/www.hv-a.be\/de\/wp-json\/wp\/v2\/posts"}],"about":[{"href":"https:\/\/www.hv-a.be\/de\/wp-json\/wp\/v2\/types\/post"}],"author":[{"embeddable":true,"href":"https:\/\/www.hv-a.be\/de\/wp-json\/wp\/v2\/users\/10"}],"replies":[{"embeddable":true,"href":"https:\/\/www.hv-a.be\/de\/wp-json\/wp\/v2\/comments?post=15743"}],"version-history":[{"count":3,"href":"https:\/\/www.hv-a.be\/de\/wp-json\/wp\/v2\/posts\/15743\/revisions"}],"predecessor-version":[{"id":15758,"href":"https:\/\/www.hv-a.be\/de\/wp-json\/wp\/v2\/posts\/15743\/revisions\/15758"}],"wp:featuredmedia":[{"embeddable":true,"href":"https:\/\/www.hv-a.be\/de\/wp-json\/wp\/v2\/media\/15755"}],"wp:attachment":[{"href":"https:\/\/www.hv-a.be\/de\/wp-json\/wp\/v2\/media?parent=15743"}],"wp:term":[{"taxonomy":"category","embeddable":true,"href":"https:\/\/www.hv-a.be\/de\/wp-json\/wp\/v2\/categories?post=15743"},{"taxonomy":"post_tag","embeddable":true,"href":"https:\/\/www.hv-a.be\/de\/wp-json\/wp\/v2\/tags?post=15743"}],"curies":[{"name":"wp","href":"https:\/\/api.w.org\/{rel}","templated":true}]}}