{"id":9440,"date":"2022-09-29T15:05:24","date_gmt":"2022-09-29T13:05:24","guid":{"rendered":"https:\/\/www.hv-a.be\/publication-de-notre-ouvrage-sur-le-droit-de-lamenagement-du-territoire-et-de-lurbanisme-en-region-wallonne\/"},"modified":"2024-05-29T10:07:29","modified_gmt":"2024-05-29T08:07:29","slug":"publication-de-notre-ouvrage-sur-le-droit-de-lamenagement-du-territoire-et-de-lurbanisme-en-region-wallonne","status":"publish","type":"post","link":"https:\/\/www.hv-a.be\/de\/publication-de-notre-ouvrage-sur-le-droit-de-lamenagement-du-territoire-et-de-lurbanisme-en-region-wallonne\/","title":{"rendered":"Publication de notre ouvrage sur le droit de l&#8217;Am\u00e9nagement du territoire et de l&#8217;Urbanisme en R\u00e9gion wallonne"},"content":{"rendered":"<p>\ud83d\udce3 Nous sommes heureux de vous annoncer la parution aux \u00e9ditions\u00a0<a href=\"https:\/\/www.linkedin.com\/feed\/hashtag\/?keywords=anth%C3%A9mis&amp;highlightedUpdateUrns=urn%3Ali%3Aactivity%3A6980893011861725185\" data-attribute-index=\"0\">#Anth\u00e9mis<\/a>\u00a0de l&#8217;ouvrage intitul\u00e9 &#8222;Droit de l&#8217;am\u00e9nagement du territoire et de l&#8217;urbanisme en R\u00e9gion Wallonne&#8220;, sous la direction de\u00a0<a href=\"https:\/\/www.linkedin.com\/in\/ACoAABNPDUkBY5rITwZuzNsgXh2Azqjysc9c5sQ\" data-attribute-index=\"1\" data-entity-hovercard-id=\"urn:li:fs_miniProfile:ACoAABNPDUkBY5rITwZuzNsgXh2Azqjysc9c5sQ\" data-entity-type=\"MINI_PROFILE\">Benoit Havet<\/a>,\u00a0<a href=\"https:\/\/www.linkedin.com\/in\/ACoAABkrll0B5l083qaqFpfp_fsqWWivDbfNOJk\" data-attribute-index=\"3\" data-entity-hovercard-id=\"urn:li:fs_miniProfile:ACoAABkrll0B5l083qaqFpfp_fsqWWivDbfNOJk\" data-entity-type=\"MINI_PROFILE\">Annabelle Vanhuffel<\/a>\u00a0et\u00a0<a href=\"https:\/\/www.linkedin.com\/in\/ACoAABijLKEBzKx1Odd833tJJyMQnKtjzS3seZk\" data-attribute-index=\"5\" data-entity-hovercard-id=\"urn:li:fs_miniProfile:ACoAABijLKEBzKx1Odd833tJJyMQnKtjzS3seZk\" data-entity-type=\"MINI_PROFILE\">Romain Vincent<\/a>.<\/p>\n<p>L\u2019ouvrage propose une \u00e9tude scientifique et pratique de l\u2019ensemble des r\u00e8gles contenues dans le Code du d\u00e9veloppement territorial arr\u00eat\u00e9es au 30 avril 2022, ainsi que des autres polices administratives connexes \u00e0 l\u2019urbanisme (telles que par exemple la police de la voirie ou les autorisations administratives environnementales).<\/p>\n<p>Y sont notamment abord\u00e9es les \u00e9volutions connues par le CoDT depuis son adoption ainsi que l\u2019\u00e9clairage apport\u00e9 la jurisprudence du Conseil d\u2019Etat relative \u00e0 la mati\u00e8re.<\/p>\n<p>Cet ouvrage se destine \u00e0 l\u2019ensemble des acteurs du monde de l\u2019immobilier tels que les juristes exer\u00e7ant dans le secteur public ou priv\u00e9, mais \u00e9galement, les g\u00e9om\u00e8tres, architectes, \u2026<\/p>\n<p>Nous tenons \u00e0 remercier Madame\u00a0<a href=\"https:\/\/www.linkedin.com\/in\/ACoAAA6ljrIBtTf9erbtXKvN_wax9AjGqqENzSc\" data-attribute-index=\"7\" data-entity-hovercard-id=\"urn:li:fs_miniProfile:ACoAAA6ljrIBtTf9erbtXKvN_wax9AjGqqENzSc\" data-entity-type=\"MINI_PROFILE\">Elisabeth Courtens<\/a>\u00a0pour les \u00e9ditions Anth\u00e9mis ainsi que tous les auteurs ayant contribu\u00e9 \u00e0 la r\u00e9alisation de ce projet :\u00a0<a href=\"https:\/\/www.linkedin.com\/in\/ACoAABNPDUkBY5rITwZuzNsgXh2Azqjysc9c5sQ\" data-attribute-index=\"9\" data-entity-hovercard-id=\"urn:li:fs_miniProfile:ACoAABNPDUkBY5rITwZuzNsgXh2Azqjysc9c5sQ\" data-entity-type=\"MINI_PROFILE\">Benoit Havet<\/a>,\u00a0<a href=\"https:\/\/www.linkedin.com\/in\/ACoAABkrll0B5l083qaqFpfp_fsqWWivDbfNOJk\" data-attribute-index=\"11\" data-entity-hovercard-id=\"urn:li:fs_miniProfile:ACoAABkrll0B5l083qaqFpfp_fsqWWivDbfNOJk\" data-entity-type=\"MINI_PROFILE\">Annabelle Vanhuffel<\/a>,\u00a0<a href=\"https:\/\/www.linkedin.com\/in\/ACoAABijLKEBzKx1Odd833tJJyMQnKtjzS3seZk\" data-attribute-index=\"13\" data-entity-hovercard-id=\"urn:li:fs_miniProfile:ACoAABijLKEBzKx1Odd833tJJyMQnKtjzS3seZk\" data-entity-type=\"MINI_PROFILE\">Romain Vincent<\/a>,\u00a0<a href=\"https:\/\/www.linkedin.com\/in\/ACoAAAtKLn0Bd_RPSu9BPXny-1cmp0ddVYlCSYc\" data-attribute-index=\"15\" data-entity-hovercard-id=\"urn:li:fs_miniProfile:ACoAAAtKLn0Bd_RPSu9BPXny-1cmp0ddVYlCSYc\" data-entity-type=\"MINI_PROFILE\">Alexandra de Hults<\/a>,\u00a0<a href=\"https:\/\/www.linkedin.com\/in\/ACoAAAk3L1QBkakHvkhvsYBBhd9KljQZo2B9NHw\" data-attribute-index=\"17\" data-entity-hovercard-id=\"urn:li:fs_miniProfile:ACoAAAk3L1QBkakHvkhvsYBBhd9KljQZo2B9NHw\" data-entity-type=\"MINI_PROFILE\">Genthsy George<\/a>,\u00a0<a href=\"https:\/\/www.linkedin.com\/in\/ACoAABdp_ZQBGTwGXTvPAVJZjcJgB5I3Lh9WuHw\" data-attribute-index=\"19\" data-entity-hovercard-id=\"urn:li:fs_miniProfile:ACoAABdp_ZQBGTwGXTvPAVJZjcJgB5I3Lh9WuHw\" data-entity-type=\"MINI_PROFILE\">Sophie Ozcan<\/a>,\u00a0<a href=\"https:\/\/www.linkedin.com\/in\/ACoAAB3-7EYBxQO3cY7B9AzoweaEXQEeaR1I46E\" data-attribute-index=\"21\" data-entity-hovercard-id=\"urn:li:fs_miniProfile:ACoAAB3-7EYBxQO3cY7B9AzoweaEXQEeaR1I46E\" data-entity-type=\"MINI_PROFILE\">Guillaume De Smet<\/a>\u00a0et\u00a0<a href=\"https:\/\/www.linkedin.com\/in\/ACoAABPwDVABM_VSgnRNlPRbx_WamO5F83rPvyY\" data-attribute-index=\"23\" data-entity-hovercard-id=\"urn:li:fs_miniProfile:ACoAABPwDVABM_VSgnRNlPRbx_WamO5F83rPvyY\" data-entity-type=\"MINI_PROFILE\">M\u00e9lanie De Baere<\/a>.<\/p>\n<p>Celui-ci peut \u00eatre command\u00e9 via le lien ci-dessous\u00a0:<br \/>\n\u2935<br \/>\n<a href=\"https:\/\/lnkd.in\/eePxigbx\" data-attribute-index=\"25\">https:\/\/lnkd.in\/eePxigbx<\/a><\/p>\n","protected":false},"excerpt":{"rendered":"<p>\ud83d\udce3 Nous sommes heureux de vous annoncer la parution aux \u00e9ditions\u00a0#Anth\u00e9mis\u00a0de l&#8217;ouvrage intitul\u00e9 &#8222;Droit de l&#8217;am\u00e9nagement du territoire et de l&#8217;urbanisme en R\u00e9gion Wallonne&#8220;, sous la direction de\u00a0Benoit Havet,\u00a0Annabelle Vanhuffel\u00a0et\u00a0Romain Vincent. L\u2019ouvrage propose une \u00e9tude scientifique et pratique de l\u2019ensemble des r\u00e8gles contenues dans le Code du d\u00e9veloppement territorial arr\u00eat\u00e9es au 30 avril 2022, ainsi [&hellip;]<\/p>\n","protected":false},"author":1,"featured_media":9274,"comment_status":"closed","ping_status":"closed","sticky":false,"template":"","format":"standard","meta":{"_seopress_robots_primary_cat":"","_seopress_titles_title":"","_seopress_titles_desc":"","_seopress_robots_index":"","footnotes":""},"categories":[86,83,74],"tags":[],"class_list":["post-9440","post","type-post","status-publish","format-standard","has-post-thumbnail","hentry","category-evenement-de","category-formation-de","category-press-de"],"_links":{"self":[{"href":"https:\/\/www.hv-a.be\/de\/wp-json\/wp\/v2\/posts\/9440","targetHints":{"allow":["GET"]}}],"collection":[{"href":"https:\/\/www.hv-a.be\/de\/wp-json\/wp\/v2\/posts"}],"about":[{"href":"https:\/\/www.hv-a.be\/de\/wp-json\/wp\/v2\/types\/post"}],"author":[{"embeddable":true,"href":"https:\/\/www.hv-a.be\/de\/wp-json\/wp\/v2\/users\/1"}],"replies":[{"embeddable":true,"href":"https:\/\/www.hv-a.be\/de\/wp-json\/wp\/v2\/comments?post=9440"}],"version-history":[{"count":2,"href":"https:\/\/www.hv-a.be\/de\/wp-json\/wp\/v2\/posts\/9440\/revisions"}],"predecessor-version":[{"id":10092,"href":"https:\/\/www.hv-a.be\/de\/wp-json\/wp\/v2\/posts\/9440\/revisions\/10092"}],"wp:featuredmedia":[{"embeddable":true,"href":"https:\/\/www.hv-a.be\/de\/wp-json\/wp\/v2\/media\/9274"}],"wp:attachment":[{"href":"https:\/\/www.hv-a.be\/de\/wp-json\/wp\/v2\/media?parent=9440"}],"wp:term":[{"taxonomy":"category","embeddable":true,"href":"https:\/\/www.hv-a.be\/de\/wp-json\/wp\/v2\/categories?post=9440"},{"taxonomy":"post_tag","embeddable":true,"href":"https:\/\/www.hv-a.be\/de\/wp-json\/wp\/v2\/tags?post=9440"}],"curies":[{"name":"wp","href":"https:\/\/api.w.org\/{rel}","templated":true}]}}