{"id":10892,"date":"2024-05-29T09:35:57","date_gmt":"2024-05-29T07:35:57","guid":{"rendered":"https:\/\/www.hv-a.be\/reforme-du-code-wallon-du-patrimoine-entree-en-vigueur-le-1er-juin-2024\/"},"modified":"2024-05-29T09:35:57","modified_gmt":"2024-05-29T07:35:57","slug":"reforme-du-code-wallon-du-patrimoine-entree-en-vigueur-le-1er-juin-2024","status":"publish","type":"post","link":"https:\/\/www.hv-a.be\/en\/reforme-du-code-wallon-du-patrimoine-entree-en-vigueur-le-1er-juin-2024\/","title":{"rendered":"Le nouveau Code wallon du patrimoine entre en vigueur  le 1er juin 2024"},"content":{"rendered":"<p>En date du 28\u00a0septembre 2023, le Parlement wallon a adopt\u00e9 \u00ab\u2009le<em> d\u00e9cret rempla\u00e7ant le Code Wallon du Patrimoine et portant des dispositions diverses<\/em>\u2009\u00bb. Le nouveau Code wallon du Patrimoine a abrog\u00e9, ce 1<sup>er<\/sup> juin 2024 l\u2019ancien Code wallon du Patrimoine (\u00e9galement appel\u00e9 CoPat), \u00e0 peine deux ann\u00e9es apr\u00e8s son entr\u00e9e en vigueur.<\/p>\n<p>Suivant le l\u00e9gislateur, il \u00e9tait n\u00e9cessaire \u00ab\u2009<em>de revoir la l\u00e9gislation de mani\u00e8re \u00e0 refl\u00e9ter au mieux les attentes de ses utilisateurs, de mettre en place un m\u00e9canisme d\u2019\u00e9valuation patrimoniale efficient, de renforcer, selon l\u2019\u00e9chelle de valeurs patrimoniales, l\u2019ad\u00e9quation entre les outils de gestion et de conservation, ainsi que de veiller \u00e0 un juste \u00e9quilibre entre les droits et obligations des usagers<\/em>\u2009\u00bb<a href=\"#_ftn1\" name=\"_ftnref1\">[1]<\/a>.<\/p>\n<p>L\u2019objectif poursuivi par ce d\u00e9cret est de r\u00e9pondre \u00e0 quatre objectifs principaux<a href=\"#_ftn2\" name=\"_ftnref2\">[2]<\/a>\u00a0:<\/p>\n<ul>\n<li>prendre en compte la complexit\u00e9 de la mati\u00e8re et du parcours administratif li\u00e9 \u00e0 celle-ci, au b\u00e9n\u00e9ficie de l\u2019usager tant interne qu\u2019externe\u2009<a href=\"#_ftn3\" name=\"_ftnref3\">[3]<\/a>;<\/li>\n<li>Rendre du sens \u00e0 l\u2019exercice des missions pour les agents de l\u2019administration\u2009;<\/li>\n<li>Consolider les proc\u00e9dures\u2009;<\/li>\n<li>Renforcer l\u2019autonomie de la mati\u00e8re patrimoniale<\/li>\n<\/ul>\n<p>Les principales modifications sont les suivantes\u00a0:<\/p>\n<ul>\n<li>Le Patrimoine devient une\u00a0mati\u00e8re autonome de l\u2019am\u00e9nagement du territoire, avec des r\u00e9gimes sp\u00e9cifiques d\u2019autorisation et ses propres voies de recours. Le Code wallon du patrimoine pr\u00e9voit \u00e9galement un r\u00e9gime d\u2019infractions et de sanctions, telles que l\u2019amende administrative, le paiement de transactions pour r\u00e9gularisation ou des mesures de restitution\u00a0;<\/li>\n<li>L\u2019autorisation patrimoniale, qui est un nouvel outil de protection du patrimoine, voit le jour. Il s\u2019agit d\u2019une autorisation administrative propre au Patrimoine et distincte des permis d\u2019urbanisme. Cette autorisation fait donc l\u2019objet d\u2019une demande s\u00e9par\u00e9e et pr\u00e9alable qui a pour objectif d\u2019aider les demandeurs \u00e0 \u00e9laborer leur projet en amont, en tenant compte des sp\u00e9cificit\u00e9s patrimoniales\u00a0du bien concern\u00e9<a href=\"#_ftn4\" name=\"_ftnref4\">[4]<\/a>.<\/li>\n<li>La cr\u00e9ation d\u2019une proc\u00e9dure acc\u00e9l\u00e9r\u00e9e pour certains types de demandes, permet \u00e0 l\u2019Agence wallonne du patrimoine (AWaP) de se prononcer, seule, dans une s\u00e9rie d\u2019hypoth\u00e8ses, comme les travaux conservatoires d\u2019urgence, le renouvellement d\u2019autorisation ou encore l\u2019entretien. Le comit\u00e9 d\u2019accompagnement n\u2019est par cons\u00e9quent pas consult\u00e9<a href=\"#_ftn5\" name=\"_ftnref5\">[5]<\/a>.<\/li>\n<li>Le Code wallon du patrimoine pr\u00e9voit le \u00ab\u2009plan op\u00e9rationnel patrimonial\u2009\u00bb. Cet outil, qui porte uniquement sur les biens class\u00e9s, consiste en un outil de protection et de gestion du patrimoine \u00e0 moyen terme. Il permet d\u2019obtenir une seule autorisation, d\u2019une dur\u00e9e maximale de 10\u00a0ans, pour la programmation d\u2019\u00e9v\u00e9nements r\u00e9currents, tels que l\u2019organisation d\u2019un bal ou l\u2019organisation d\u2019un spectacle qui se d\u00e9rouleraient, tous les ans, dans un endroit class\u00e9<a href=\"#_ftn6\" name=\"_ftnref6\">[6]<\/a>, ou la r\u00e9alisation d\u2019actes et de travaux (ne n\u00e9cessitant pas de permis d\u2019urbanisme) sur un bien class\u00e9. Son objectif est, d\u2019une part, de limiter les d\u00e9marches administratives pour les usagers et les agents et, d\u2019autre part, d\u2019offrir une vision \u00e0 moyen terme sur l\u2019avenir du bien.<\/li>\n<li>L\u2019avis arch\u00e9ologique pr\u00e9alable au grand projet doit \u00eatre sollicit\u00e9 dans certaines situations, notamment lorsque la superficie de construction et d\u2019am\u00e9nagement des abords d\u2019un projet est \u00e9gale ou sup\u00e9rieure \u00e0 un hectare<a href=\"#_ftn7\" name=\"_ftnref7\">[7]<\/a>. Cet avis peut \u00e9galement \u00eatre sollicit\u00e9 lorsque \u00ab\u2009<em>le projet, pris dans son ensemble, porte soit sur un long trac\u00e9 lin\u00e9aire (tels que, par exemple, des gazoducs, des routes, des canaux, des \u00e9gouts, des c\u00e2bles enterr\u00e9s), soit sur un permis d\u2019urbanisation avec une ouverture de voirie situ\u00e9e dans le p\u00e9rim\u00e8tre de la carte arch\u00e9ologique\u2009<\/em>\u00bb<a href=\"#_ftn8\" name=\"_ftnref8\">[8]<\/a>. Son objectif est de \u00ab\u2009<em>favoriser les prises de contact le plus en amont possible afin de concilier id\u00e9alement les calendriers et les activit\u00e9s de tous les intervenants<\/em>\u2009\u00bb<a href=\"#_ftn9\" name=\"_ftnref9\">[9]<\/a>, \u00e9vitant ainsi de cr\u00e9er de l\u2019incertitude dans le chef du demandeur du permis.<\/li>\n<li>Le d\u00e9lai relatif \u00e0 l\u2019inscription d\u2019un bien sur la liste de sauvegarde est diminu\u00e9. Le d\u00e9lai durant lequel le bien demeure inscrit est dor\u00e9navant de 6\u00a0mois maximum, non renouvelable. L\u2019inscription d\u2019un bien sur la liste de sauvegarde, qui doit rester une proc\u00e9dure d\u2019exception, doit se justifier en raison d\u2019un danger encouru par le bien, que ce soit \u00ab\u2009<em>d\u2019une menace de destruction, de d\u00e9molition ou de modification, provisoire ou d\u00e9finitive<\/em>\u00a0\u00bb et qui est susceptible d\u2019\u00eatre class\u00e9s\u2009<a href=\"#_ftn10\" name=\"_ftnref10\">[10]<\/a>. Il s\u2019agit d\u2019une proc\u00e9dure d\u2019urgence. Cette disposition, nouvellement cr\u00e9\u00e9e, permet aux propri\u00e9taires ainsi qu\u2019aux parties concern\u00e9es d\u2019\u00eatre fix\u00e9es plus rapidement sur l\u2019avenir de leur bien<a href=\"#_ftn11\" name=\"_ftnref11\">[11]<\/a>.<\/li>\n<li>Contrairement \u00e0 ce que pr\u00e9voit le code actuel, la proc\u00e9dure de classement n\u2019est plus r\u00e9alis\u00e9e dans un d\u00e9lai de douze mois, mais de dix-huit mois. Le bien est donc prot\u00e9g\u00e9 durant cette p\u00e9riode au m\u00eame titre qu\u2019un bien class\u00e9 \u00e0 dater de la d\u00e9cision d\u2019entamer la proc\u00e9dure de classement.\u00a0 En l\u2019absence de d\u00e9cision end\u00e9ans le d\u00e9lai pr\u00e9cit\u00e9, le classement est r\u00e9put\u00e9 refuser<a href=\"#_ftn12\" name=\"_ftnref12\">[12]<\/a>. L\u2019objectif de cette disposition est d\u2019\u00e9viter qu\u2019une proc\u00e9dure de classement soit ouverte pendant de nombreuses ann\u00e9es et qu\u2019elle laisse les parties dans l\u2019incertitude quant au sort r\u00e9serv\u00e9 au classement du bien<a href=\"#_ftn13\" name=\"_ftnref13\">[13]<\/a>. Globalement, eu \u00e9gard au d\u00e9lai pr\u00e9vu dans le cadre de la liste de sauvegarde, le bien qui est susceptible d\u2019\u00eatre class\u00e9 peut \u00eatre prot\u00e9g\u00e9 pendant une dur\u00e9e de 24 mois maximum.<\/li>\n<li>L\u2019inventaire r\u00e9gional pastill\u00e9 du patrimoine subit quelques modifications importantes. En effet, cet inventaire qui entra\u00eene des droits (subventions) et des obligations (avis simple de l\u2019AWaP dans le cadre de permis d\u2019urbanisme) sera publi\u00e9 au Moniteur belge. De m\u00eame, l\u2019apposition d\u2019une pastille sur certains biens inscrits \u00e0 l\u2019inventaire r\u00e9gional sera, d\u00e9sormais, davantage cadr\u00e9e. L\u2019inventaire communal, quant \u00e0 lui, est supprim\u00e9. Cette suppression sera sans cons\u00e9quence dans la mesure o\u00f9, sous l\u2019ancien CoPat, aucune subvention n\u2019\u00e9tait allou\u00e9e pour les biens qui y \u00e9taient inscrits<a href=\"#_ftn14\" name=\"_ftnref14\">[14]<\/a>.<\/li>\n<\/ul>\n<p>le dispositif entre en vigueur ce 1<sup>er<\/sup> juin 2024.<\/p>\n<p>Lien vers le Code wallon du patrimoine\u00a0: <a href=\"https:\/\/wallex.wallonie.be\/files\/pdfs\/20\/100864_D%c3%a9cret_rempla%c3%a7ant_le_Code_wallon_du_Patrimoine_et_portant_des_dispositions_diverses_01-06-2024-.pdf\">1 (wallonie.be)<\/a><\/p>\n<p>&nbsp;<\/p>\n<p><a href=\"#_ftnref1\" name=\"_ftn1\">[1]<\/a> Projet de d\u00e9cret rempla\u00e7ant le Code wallon du Patrimoine et portant des dispositions diverses, Expos\u00e9 des motifs, <em>Doc.<\/em>, Parl. W<em>.<\/em>, sess. ord. 2022-2023, n\u00b0\u00a01404-1, p.\u00a03.<\/p>\n<p><a href=\"#_ftnref2\" name=\"_ftn2\">[2]<\/a> Projet de d\u00e9cret rempla\u00e7ant le Code wallon du Patrimoine et portant des dispositions diverses, <em>C.R.I.C.<\/em>, Parl. W., sess. ord. 2023-2024, s\u00e9ance n\u00b0\u00a03 du lundi\u00a011\u00a0septembre 2023, p.\u00a018.\u00a0 <em>\u00a0<\/em><\/p>\n<p><a href=\"#_ftnref3\" name=\"_ftn3\">[3]<\/a> Ministre<\/p>\n<p><a href=\"#_ftnref4\" name=\"_ftn4\">[4]<\/a> Projet de d\u00e9cret rempla\u00e7ant le Code wallon du Patrimoine et portant des dispositions diverses, <em>C.R.I.C.<\/em>, Parl. W., sess. ord. 2023-2024, s\u00e9ance n\u00b0\u00a03 du lundi\u00a011\u00a0septembre 2023, p.\u00a019-20.\u00a0 <em>\u00a0<\/em><\/p>\n<p><a href=\"#_ftnref5\" name=\"_ftn5\">[5]<\/a> Projet de d\u00e9cret rempla\u00e7ant le Code wallon du Patrimoine et portant des dispositions diverses, <em>C.R.I.C.<\/em>, Parl. W., sess. ord. 2023-2024, s\u00e9ance n\u00b0\u00a03 du lundi\u00a011\u00a0septembre 2023, p.\u00a020.\u00a0 <em>\u00a0<\/em><\/p>\n<p><a href=\"#_ftnref6\" name=\"_ftn6\">[6]<\/a> Doc. Parl., PW, session\u00a02023-2024, <em>CRIC<\/em> n\u00b0\u00a03, p.21.<\/p>\n<p><a href=\"#_ftnref7\" name=\"_ftn7\">[7]<\/a> Projet de d\u00e9cret rempla\u00e7ant le Code wallon du Patrimoine et portant des dispositions diverses, Texte adopt\u00e9 en s\u00e9ance pl\u00e9ni\u00e8re, <em>Doc.<\/em>, Parl. W<em>.<\/em>, sess. ord. 2022-2023, n\u00b0\u00a01404-5, p.\u00a017.<\/p>\n<p><a href=\"#_ftnref8\" name=\"_ftn8\">[8]<\/a> V. De Bue, \u00ab\u2009Plus souple, plus \u00e9quilibr\u00e9, plus efficace\u00a0: la Wallonie se dote d\u2019un nouveau cadre l\u00e9gislatif et renforce la protection de son patrimoine\u2009\u00bb, <em>Communiqu\u00e9<\/em>, 28\u00a0septembre 2023, <a href=\"https:\/\/debue.wallonie.be\/home\/presse--actualites\/communiques-de-presse\/presses\/plus-souple-plus-equilibre-plus-efficace--la-wallonie-se-dote-dun-nouveau-cadre-legislatif-et-renforce-la-protection-de-son-patrimoine.html\">https:\/\/debue.wallonie.be\/home\/presse&#8211;actualites\/communiques-de-presse\/presses\/plus-souple-plus-equilibre-plus-efficace&#8211;la-wallonie-se-dote-dun-nouveau-cadre-legislatif-et-renforce-la-protection-de-son-patrimoine.html<\/a> (Consult\u00e9 le 13\u00a0novembre 2023).<\/p>\n<p><a href=\"#_ftnref9\" name=\"_ftn9\">[9]<\/a> Doc. Parl., PW, session\u00a02023-2024, <em>CRIC<\/em> n\u00b0\u00a03, p.23.<\/p>\n<p><a href=\"#_ftnref10\" name=\"_ftn10\">[10]<\/a> Projet de d\u00e9cret rempla\u00e7ant le Code wallon du Patrimoine et portant des dispositions diverses, Texte adopt\u00e9 en s\u00e9ance pl\u00e9ni\u00e8re, <em>Doc.<\/em>, Parl. W<em>.<\/em>, sess. ord. 2022-2023, n\u00b0\u00a01404-5, p.\u00a03.<\/p>\n<p><a href=\"#_ftnref11\" name=\"_ftn11\">[11]<\/a> V. De Bue, \u00ab\u2009Plus souple, plus \u00e9quilibr\u00e9, plus efficace\u00a0: la Wallonie se dote d\u2019un nouveau cadre l\u00e9gislatif et renforce la protection de son patrimoine\u2009\u00bb, <em>Communiqu\u00e9<\/em>, 28\u00a0septembre 2023, <a href=\"https:\/\/debue.wallonie.be\/home\/presse--actualites\/communiques-de-presse\/presses\/plus-souple-plus-equilibre-plus-efficace--la-wallonie-se-dote-dun-nouveau-cadre-legislatif-et-renforce-la-protection-de-son-patrimoine.html\">https:\/\/debue.wallonie.be\/home\/presse&#8211;actualites\/communiques-de-presse\/presses\/plus-souple-plus-equilibre-plus-efficace&#8211;la-wallonie-se-dote-dun-nouveau-cadre-legislatif-et-renforce-la-protection-de-son-patrimoine.html<\/a> (Consult\u00e9 le 13\u00a0novembre 2023).<\/p>\n<p><a href=\"#_ftnref12\" name=\"_ftn12\">[12]<\/a> Projet de d\u00e9cret rempla\u00e7ant le Code wallon du Patrimoine et portant des dispositions diverses, Texte adopt\u00e9 en s\u00e9ance pl\u00e9ni\u00e8re, <em>Doc.<\/em>, Parl. W<em>.<\/em>, sess. ord. 2022-2023, n\u00b0\u00a01404-5, p.\u00a07.<\/p>\n<p><a href=\"#_ftnref13\" name=\"_ftn13\">[13]<\/a> V. De Bue, \u00ab\u2009Plus souple, plus \u00e9quilibr\u00e9, plus efficace\u00a0: la Wallonie se dote d\u2019un nouveau cadre l\u00e9gislatif et renforce la protection de son patrimoine\u2009\u00bb, <em>Communiqu\u00e9<\/em>, 28\u00a0septembre 2023, <a href=\"https:\/\/debue.wallonie.be\/home\/presse--actualites\/communiques-de-presse\/presses\/plus-souple-plus-equilibre-plus-efficace--la-wallonie-se-dote-dun-nouveau-cadre-legislatif-et-renforce-la-protection-de-son-patrimoine.html\">https:\/\/debue.wallonie.be\/home\/presse&#8211;actualites\/communiques-de-presse\/presses\/plus-souple-plus-equilibre-plus-efficace&#8211;la-wallonie-se-dote-dun-nouveau-cadre-legislatif-et-renforce-la-protection-de-son-patrimoine.html<\/a> (Consult\u00e9 le 13\u00a0novembre 2023).<\/p>\n<p><a href=\"#_ftnref14\" name=\"_ftn14\">[14]<\/a> Doc. Parl., PW, session\u00a02023-2024, <em>CRIC<\/em> n\u00b0\u00a03, p.19.<\/p>\n","protected":false},"excerpt":{"rendered":"<p>En date du 28\u00a0septembre 2023, le Parlement wallon a adopt\u00e9 \u00ab\u2009le d\u00e9cret rempla\u00e7ant le Code Wallon du Patrimoine et portant des dispositions diverses\u2009\u00bb. Le nouveau Code wallon du Patrimoine a abrog\u00e9, ce 1er juin 2024 l\u2019ancien Code wallon du Patrimoine (\u00e9galement appel\u00e9 CoPat), \u00e0 peine deux ann\u00e9es apr\u00e8s son entr\u00e9e en vigueur. Suivant le l\u00e9gislateur, [&hellip;]<\/p>\n","protected":false},"author":3,"featured_media":10034,"comment_status":"closed","ping_status":"closed","sticky":false,"template":"","format":"standard","meta":{"_seopress_robots_primary_cat":"","_seopress_titles_title":"","_seopress_titles_desc":"","_seopress_robots_index":"","footnotes":""},"categories":[73],"tags":[],"class_list":["post-10892","post","type-post","status-publish","format-standard","has-post-thumbnail","hentry","category-press-en"],"_links":{"self":[{"href":"https:\/\/www.hv-a.be\/en\/wp-json\/wp\/v2\/posts\/10892","targetHints":{"allow":["GET"]}}],"collection":[{"href":"https:\/\/www.hv-a.be\/en\/wp-json\/wp\/v2\/posts"}],"about":[{"href":"https:\/\/www.hv-a.be\/en\/wp-json\/wp\/v2\/types\/post"}],"author":[{"embeddable":true,"href":"https:\/\/www.hv-a.be\/en\/wp-json\/wp\/v2\/users\/3"}],"replies":[{"embeddable":true,"href":"https:\/\/www.hv-a.be\/en\/wp-json\/wp\/v2\/comments?post=10892"}],"version-history":[{"count":0,"href":"https:\/\/www.hv-a.be\/en\/wp-json\/wp\/v2\/posts\/10892\/revisions"}],"wp:featuredmedia":[{"embeddable":true,"href":"https:\/\/www.hv-a.be\/en\/wp-json\/wp\/v2\/media\/10034"}],"wp:attachment":[{"href":"https:\/\/www.hv-a.be\/en\/wp-json\/wp\/v2\/media?parent=10892"}],"wp:term":[{"taxonomy":"category","embeddable":true,"href":"https:\/\/www.hv-a.be\/en\/wp-json\/wp\/v2\/categories?post=10892"},{"taxonomy":"post_tag","embeddable":true,"href":"https:\/\/www.hv-a.be\/en\/wp-json\/wp\/v2\/tags?post=10892"}],"curies":[{"name":"wp","href":"https:\/\/api.w.org\/{rel}","templated":true}]}}