{"id":11197,"date":"2024-10-10T13:10:41","date_gmt":"2024-10-10T11:10:41","guid":{"rendered":"https:\/\/www.hv-a.be\/region-de-bruxelles-capitale-avis-de-la-section-de-legislation-du-conseil-detat-sur-le-projet-darrete-du-gouvernement-de-la-region-de-bruxelles-capitale-arretant-le-reglemen\/"},"modified":"2024-11-22T11:01:21","modified_gmt":"2024-11-22T10:01:21","slug":"region-de-bruxelles-capitale-avis-de-la-section-de-legislation-du-conseil-detat-sur-le-projet-darrete-du-gouvernement-de-la-region-de-bruxelles-capitale-arretant-le-reglemen","status":"publish","type":"post","link":"https:\/\/www.hv-a.be\/en\/region-de-bruxelles-capitale-avis-de-la-section-de-legislation-du-conseil-detat-sur-le-projet-darrete-du-gouvernement-de-la-region-de-bruxelles-capitale-arretant-le-reglemen\/","title":{"rendered":"R\u00e9gion de Bruxelles-Capitale &#8211; Avis de la Section de l\u00e9gislation du conseil d\u2019Etat sur le projet d\u2019arr\u00eat\u00e9 du Gouvernement de la R\u00e9gion de Bruxelles-Capitale \u00ab arr\u00eatant le R\u00e8glement r\u00e9gional d\u2019urbanisme \u00bb &#8211; 2 septembre 2024"},"content":{"rendered":"<p>La Section de l\u00e9gislation du Conseil d\u2019Etat a rendu un avis sur le projet de r\u00e8glement r\u00e9gional d\u2019urbanisme ce 2 septembre 2024 (avis n\u00b076.660\/2\/V).<\/p>\n<p>&nbsp;<\/p>\n<p>Cet avis contient diverses critiques\u00a0:<\/p>\n<ol>\n<li>Potentielles ill\u00e9galit\u00e9s dans la proc\u00e9dure d\u2019\u00e9laboration elle-m\u00eame<\/li>\n<\/ol>\n<p>Le dossier communiqu\u00e9 \u00e0 la section de l\u00e9gislation soit ne permet pas d\u2019\u00e9tablir que les r\u00e8gles auxquelles cette enqu\u00eate est soumise ont \u00e9t\u00e9 parfaitement respect\u00e9es, soit fait apparaitre des irr\u00e9gularit\u00e9s.\u00a0 Les diverses potentielles ill\u00e9galit\u00e9s entachant les mesures particuli\u00e8res de publicit\u00e9 sont reprises dans l\u2019avis en question.<\/p>\n<p>L\u2019auteur du projet est invit\u00e9 par le Conseil d\u2019Etat \u00a0\u00e0 ce que cette formalit\u00e9 soit r\u00e9guli\u00e8rement accomplie, et, si l\u2019accomplissement de celle-ci devait encore donner lieu \u00e0 des modifications du texte soumis au Conseil d\u2019\u00c9tat sur des points autres que de pure forme et ne r\u00e9sultant pas des suites r\u00e9serv\u00e9es de l\u2019avis, les dispositions modifi\u00e9es ou ajout\u00e9es devraient \u00eatre soumises \u00e0 nouveau \u00e0 l\u2019avis de la section de l\u00e9gislation du Conseil d\u2019\u00c9tat.<\/p>\n<p>&nbsp;<\/p>\n<ol start=\"2\">\n<li>Le pr\u00e9ambule explicatif ne contient qu\u2019une formule g\u00e9n\u00e9rale pour justifier, que les modifications apport\u00e9es au projet apr\u00e8s l\u2019enqu\u00eate publique ne justifient pas une nouvelle enqu\u00eate publique.<\/li>\n<\/ol>\n<p>Le gouvernement devra \u00eatre en mesure d\u2019\u00e9tablir et d\u2019indiquer pr\u00e9cis\u00e9ment, pour chaque modification apport\u00e9e au projet de r\u00e8glement r\u00e9gional d\u2019urbanisme en quoi cette modification fait suite \u00e0 une r\u00e9clamation \u00e9mise lors de l\u2019enqu\u00eate publique, et si la modification ne fait pas suite \u00e0 une telle r\u00e9clamation, pour quels motifs celle-ci est soit purement formelle ou de nature l\u00e9gistique, soit d\u2019ordre mineur, et d\u00e9pourvue d\u2019incidence notable sur l\u2019environnement.<\/p>\n<ol start=\"3\">\n<li>Discrimination de certaines dispositions<\/li>\n<\/ol>\n<p>Les actes de division vis\u00e9s \u00e0 l\u2019article 104 du CoBAT ne sont pas inclus dans le champ d\u2019application du RRU. Ces actes de division sont ceux qui ne sont pas soumis \u00e0 un permis de lotir conform\u00e9ment \u00e0 l\u2019article 103 du CoBAT.<\/p>\n<p>\u00c0 d\u00e9faut d\u2019\u00eatre en mesure d\u2019\u00e9tablir les motifs raisonnables, pertinents et ad\u00e9quats susceptibles de justifier cette diff\u00e9rence de traitement, l\u2019auteur du projet reverra le champ d\u2019application du r\u00e8glement en projet.<\/p>\n<p>&nbsp;<\/p>\n<ol start=\"4\">\n<li>Remise en question du principe de l\u00e9galit\u00e9 des incriminations p\u00e9nale<\/li>\n<\/ol>\n<p>Selon l\u2019article 300, 3\u00b0, du CoBAT, constitue une infraction le fait d\u2019enfreindre de quelque mani\u00e8re que ce soit les prescriptions des r\u00e8glements d\u2019urbanisme.<\/p>\n<p>Or, le caract\u00e8re flou de certaines dispositions sanctionn\u00e9es p\u00e9nalement qui rel\u00e8vent plus, \u00e0 diff\u00e9rents \u00e9gards, de l\u2019objectif \u00e0 atteindre, ou de la ligne de conduite ou directive, que de la r\u00e8gle de droit claire et pr\u00e9visible remet en cause le principe de la pr\u00e9visibilit\u00e9 des incriminations.<\/p>\n<ol start=\"5\">\n<li>L\u2019examen des articles<\/li>\n<\/ol>\n<p>De nombreuses critiques sont faites dans les diff\u00e9rents articles examin\u00e9s\u00a0:<\/p>\n<ul>\n<li>Certaines notions sont trop floues ou manquent de pr\u00e9cisions\u00a0;<\/li>\n<li>Certaines dispositions rel\u00e8vent de la ligne de conduite et non pas du r\u00e8glement de sorte qu\u2019elles n\u2019y trouvent pas leur place\u00a0;<\/li>\n<li>Certaines d\u00e9finitions font d\u00e9faut\u00a0;<\/li>\n<\/ul>\n<p>La quasi-totalit\u00e9 des articles est \u00e0 r\u00e9\u00e9crire suivant la Haute juridiction administrative.<\/p>\n<p>L\u2019avis complet est disponible via le lien suivant\u00a0: <a href=\"http:\/\/www.raadvst-consetat.be\/dbx\/avis\/76660.pdf\">76660.pdf (raadvst-consetat.be).<\/a><\/p>\n<p>&nbsp;<\/p>\n<p>&nbsp;<\/p>\n","protected":false},"excerpt":{"rendered":"<p>La Section de l\u00e9gislation du Conseil d\u2019Etat a rendu un avis sur le projet de r\u00e8glement r\u00e9gional d\u2019urbanisme ce 2 septembre 2024 (avis n\u00b076.660\/2\/V). &nbsp; Cet avis contient diverses critiques\u00a0: Potentielles ill\u00e9galit\u00e9s dans la proc\u00e9dure d\u2019\u00e9laboration elle-m\u00eame Le dossier communiqu\u00e9 \u00e0 la section de l\u00e9gislation soit ne permet pas d\u2019\u00e9tablir que les r\u00e8gles auxquelles cette [&hellip;]<\/p>\n","protected":false},"author":3,"featured_media":10935,"comment_status":"closed","ping_status":"closed","sticky":false,"template":"","format":"standard","meta":{"_seopress_robots_primary_cat":"","_seopress_titles_title":"","_seopress_titles_desc":"","_seopress_robots_index":"","footnotes":""},"categories":[85],"tags":[],"class_list":["post-11197","post","type-post","status-publish","format-standard","has-post-thumbnail","hentry","category-evenement-en"],"_links":{"self":[{"href":"https:\/\/www.hv-a.be\/en\/wp-json\/wp\/v2\/posts\/11197","targetHints":{"allow":["GET"]}}],"collection":[{"href":"https:\/\/www.hv-a.be\/en\/wp-json\/wp\/v2\/posts"}],"about":[{"href":"https:\/\/www.hv-a.be\/en\/wp-json\/wp\/v2\/types\/post"}],"author":[{"embeddable":true,"href":"https:\/\/www.hv-a.be\/en\/wp-json\/wp\/v2\/users\/3"}],"replies":[{"embeddable":true,"href":"https:\/\/www.hv-a.be\/en\/wp-json\/wp\/v2\/comments?post=11197"}],"version-history":[{"count":2,"href":"https:\/\/www.hv-a.be\/en\/wp-json\/wp\/v2\/posts\/11197\/revisions"}],"predecessor-version":[{"id":11550,"href":"https:\/\/www.hv-a.be\/en\/wp-json\/wp\/v2\/posts\/11197\/revisions\/11550"}],"wp:featuredmedia":[{"embeddable":true,"href":"https:\/\/www.hv-a.be\/en\/wp-json\/wp\/v2\/media\/10935"}],"wp:attachment":[{"href":"https:\/\/www.hv-a.be\/en\/wp-json\/wp\/v2\/media?parent=11197"}],"wp:term":[{"taxonomy":"category","embeddable":true,"href":"https:\/\/www.hv-a.be\/en\/wp-json\/wp\/v2\/categories?post=11197"},{"taxonomy":"post_tag","embeddable":true,"href":"https:\/\/www.hv-a.be\/en\/wp-json\/wp\/v2\/tags?post=11197"}],"curies":[{"name":"wp","href":"https:\/\/api.w.org\/{rel}","templated":true}]}}