{"id":12291,"date":"2025-02-28T10:52:13","date_gmt":"2025-02-28T09:52:13","guid":{"rendered":"https:\/\/www.hv-a.be\/la-commission-europeenne-a-communique-au-parlement-europeen-et-au-conseil-ce-26-fevrier-2025-son-plan-daction-pout-une-energie-abordable\/"},"modified":"2025-02-28T11:45:17","modified_gmt":"2025-02-28T10:45:17","slug":"la-commission-europeenne-a-communique-au-parlement-europeen-et-au-conseil-ce-26-fevrier-2025-son-plan-daction-pout-une-energie-abordable","status":"publish","type":"post","link":"https:\/\/www.hv-a.be\/en\/la-commission-europeenne-a-communique-au-parlement-europeen-et-au-conseil-ce-26-fevrier-2025-son-plan-daction-pout-une-energie-abordable\/","title":{"rendered":"La Commission europ\u00e9enne a communiqu\u00e9 au Parlement europ\u00e9en et au Conseil, ce 26 f\u00e9vrier 2025, son plan d\u2019action pour une \u00e9nergie abordable"},"content":{"rendered":"<p>Dans le cadre du &#8220;Clean industrial deal&#8221;, la Commission europ\u00e9enne a communiqu\u00e9 au Parlement europ\u00e9en et au Conseil, ce 26 f\u00e9vrier 2025, son plan d\u2019action pout une \u00e9nergie abordable (COM(2025)79).<\/p>\n<p>Pour m\u00e9moire, Le 29 janvier 2025, la Commission a adress\u00e9 une premi\u00e8re communication au Parlement et \u00e0 la Commission intitul\u00e9e \u00ab A competitiveness Compass for the EU \u00bb, laquelle, bas\u00e9e sur la rapport Dragi d\u00e9finit une approche et une s\u00e9rie de mesures phares pour traduire en actions concr\u00e8tes les trois imp\u00e9ratifs indispensables pour retrouver la comp\u00e9titivit\u00e9 que sont l\u2019innovation, la d\u00e9carbonation et la s\u00e9curit\u00e9.<\/p>\n<p>pour plus d&#8217;informations suivez le lien suivant : <a href=\"https:\/\/www.hv-a.be\/en\/la-commission-europeenne-a-presente-ce-29-janvier-les-trois-grands-axes-strategique-de-sa-politique-innovation-decarbonation-securite-dans-sa-communication-une-boussole-pour-la-competitivite\/\">https:\/\/www.hv-a.be\/la-commission-europeenne-a-presente-ce-29-janvier-les-trois-grands-axes-strategique-de-sa-politique-innovation-decarbonation-securite-dans-sa-communication-une-boussole-pour-la-competitivite\/<\/a><\/p>\n<p>La communication de la Commission de ce 26 f\u00e9vrier 2025 concerne le \u00ab\u00a0clean industriel deal\u00a0\u00bb, plan de comp\u00e9titivit\u00e9 et de d\u00e9cabonation de l\u2019UE.<\/p>\n<p>Ce plan comprends plusieurs \u00e9l\u00e9ments\u00a0:<\/p>\n<p>&nbsp;<\/p>\n<ul>\n<li>Mettre \u00e0 disposition une \u00e9nergie abordable\u00a0;<\/li>\n<li>Favoriser la demande de produits d\u00e9carbonn\u00e9s\u00a0;<\/li>\n<li>Financer la transition propre\u00a0;<\/li>\n<li>Favoriser la circularit\u00e9 des mat\u00e9riaux\u00a0;<\/li>\n<li>Agir \u00e0 l\u2019\u00e9chelle mondiale\u00a0;<\/li>\n<li>D\u00e9velopper des comp\u00e9tences et des emplois de qualit\u00e9.<\/li>\n<\/ul>\n<p>La communication de la Commission concerne la mise \u00e0 disposition d\u2019une \u00e9nergie abordable.\u00a0 L\u2019objectif de ce plan est de r\u00e9duire la facture \u00e9nerg\u00e9tique pour les entreprises, les industries et les m\u00e9nages et de favoriser une transition vers une \u00e9conomie d\u00e9carbonn\u00e9e en acc\u00e9l\u00e9rant le d\u00e9ploiement des \u00e9nergies propres et en acc\u00e9l\u00e9rant l\u2019\u00e9lectrification, en compl\u00e9tant le march\u00e9 europ\u00e9en de l\u2019\u00e9nergie par l\u2019interconnection des r\u00e9seaux et en utilisant l\u2019\u00e9nergie de mani\u00e8re plus efficace pour r\u00e9duire la d\u00e9pendance aux \u00e9nergies fossiles import\u00e9es.<\/p>\n<p>Le plan d\u2019action est disponible, via le lien :\u00a0<a href=\"https:\/\/energy.ec.europa.eu\/document\/download\/7e2e6198-b6b8-46fe-b263-984b437da3ab_en?filename=Communication%20-%20Action%20Plan%20for%20Affordable%20Energy.pdf\">https:\/\/energy.ec.europa.eu\/document\/download\/7e2e6198-b6b8-46fe-b263-984b437da3ab_en?filename=Communication%20-%20Action%20Plan%20for%20Affordable%20Energy.pdf<\/a><\/p>\n<p>&nbsp;<\/p>\n<blockquote class=\"wp-embedded-content\" data-secret=\"8DQVPKEiMY\"><p><a href=\"https:\/\/www.hv-a.be\/la-commission-europeenne-a-rendu-publique-ce-26-fevrier-2025-son-projet-de-directive-omnibus-dont-le-but-est-de-simplifier-les-regles-en-matiere-de-durabilite-et-dinvestissements-de-lue\/\">La Commission europ\u00e9enne a rendu publique, ce 26 f\u00e9vrier 2025, ses projets de directive et de r\u00e8glement \u00ab\u00a0omnibus\u00a0\u00bb dont le but est de simplifier les r\u00e8gles en mati\u00e8re de durabilit\u00e9 et d&rsquo;investissements de l&rsquo;UE &#8211; vers un recul environnemental?<\/a><\/p><\/blockquote>\n<p><iframe loading=\"lazy\" class=\"wp-embedded-content\" sandbox=\"allow-scripts\" security=\"restricted\" style=\"position: absolute; clip: rect(1px, 1px, 1px, 1px);\" title=\"\u00ab\u00a0La Commission europ\u00e9enne a rendu publique, ce 26 f\u00e9vrier 2025, ses projets de directive et de r\u00e8glement \u00ab\u00a0omnibus\u00a0\u00bb dont le but est de simplifier les r\u00e8gles en mati\u00e8re de durabilit\u00e9 et d&rsquo;investissements de l&rsquo;UE &#8211; vers un recul environnemental?\u00a0\u00bb &#8212; HV-A\" src=\"https:\/\/www.hv-a.be\/la-commission-europeenne-a-rendu-publique-ce-26-fevrier-2025-son-projet-de-directive-omnibus-dont-le-but-est-de-simplifier-les-regles-en-matiere-de-durabilite-et-dinvestissements-de-lue\/embed\/#?secret=CJJEVjRmKb#?secret=8DQVPKEiMY\" data-secret=\"8DQVPKEiMY\" width=\"600\" height=\"338\" frameborder=\"0\" marginwidth=\"0\" marginheight=\"0\" scrolling=\"no\"><\/iframe><\/p>\n","protected":false},"excerpt":{"rendered":"<p>Dans le cadre du &#8220;Clean industrial deal&#8221;, la Commission europ\u00e9enne a communiqu\u00e9 au Parlement europ\u00e9en et au Conseil, ce 26 f\u00e9vrier 2025, son plan d\u2019action pout une \u00e9nergie abordable (COM(2025)79). Pour m\u00e9moire, Le 29 janvier 2025, la Commission a adress\u00e9 une premi\u00e8re communication au Parlement et \u00e0 la Commission intitul\u00e9e \u00ab A competitiveness Compass for [&hellip;]<\/p>\n","protected":false},"author":3,"featured_media":10522,"comment_status":"closed","ping_status":"closed","sticky":false,"template":"","format":"standard","meta":{"_seopress_robots_primary_cat":"","_seopress_titles_title":"","_seopress_titles_desc":"","_seopress_robots_index":"","footnotes":""},"categories":[85,73],"tags":[],"class_list":["post-12291","post","type-post","status-publish","format-standard","has-post-thumbnail","hentry","category-evenement-en","category-press-en"],"_links":{"self":[{"href":"https:\/\/www.hv-a.be\/en\/wp-json\/wp\/v2\/posts\/12291","targetHints":{"allow":["GET"]}}],"collection":[{"href":"https:\/\/www.hv-a.be\/en\/wp-json\/wp\/v2\/posts"}],"about":[{"href":"https:\/\/www.hv-a.be\/en\/wp-json\/wp\/v2\/types\/post"}],"author":[{"embeddable":true,"href":"https:\/\/www.hv-a.be\/en\/wp-json\/wp\/v2\/users\/3"}],"replies":[{"embeddable":true,"href":"https:\/\/www.hv-a.be\/en\/wp-json\/wp\/v2\/comments?post=12291"}],"version-history":[{"count":2,"href":"https:\/\/www.hv-a.be\/en\/wp-json\/wp\/v2\/posts\/12291\/revisions"}],"predecessor-version":[{"id":12299,"href":"https:\/\/www.hv-a.be\/en\/wp-json\/wp\/v2\/posts\/12291\/revisions\/12299"}],"wp:featuredmedia":[{"embeddable":true,"href":"https:\/\/www.hv-a.be\/en\/wp-json\/wp\/v2\/media\/10522"}],"wp:attachment":[{"href":"https:\/\/www.hv-a.be\/en\/wp-json\/wp\/v2\/media?parent=12291"}],"wp:term":[{"taxonomy":"category","embeddable":true,"href":"https:\/\/www.hv-a.be\/en\/wp-json\/wp\/v2\/categories?post=12291"},{"taxonomy":"post_tag","embeddable":true,"href":"https:\/\/www.hv-a.be\/en\/wp-json\/wp\/v2\/tags?post=12291"}],"curies":[{"name":"wp","href":"https:\/\/api.w.org\/{rel}","templated":true}]}}