{"id":13769,"date":"2025-10-23T21:06:05","date_gmt":"2025-10-23T19:06:05","guid":{"rendered":"https:\/\/www.hv-a.be\/europe-la-cour-de-justice-de-lunion-europeenne-a-considere-dans-un-arret-du-23-octobre-2025-c%e2%80%91221-24-et-c%e2%80%91222-24-que-lorsque-lautorite-competente-d\/"},"modified":"2025-10-24T13:02:24","modified_gmt":"2025-10-24T11:02:24","slug":"europe-la-cour-de-justice-de-lunion-europeenne-a-considere-dans-un-arret-du-23-octobre-2025-c%e2%80%91221-24-et-c%e2%80%91222-24-que-lorsque-lautorite-competente-d","status":"publish","type":"post","link":"https:\/\/www.hv-a.be\/en\/europe-la-cour-de-justice-de-lunion-europeenne-a-considere-dans-un-arret-du-23-octobre-2025-c%e2%80%91221-24-et-c%e2%80%91222-24-que-lorsque-lautorite-competente-d\/","title":{"rendered":"La Cour de justice de l\u2019Union europ\u00e9enne a consid\u00e9r\u00e9, dans un arr\u00eat du 23 octobre 2025 (C\u2011221\/24 et C\u2011222\/24), que lorsque l\u2019autorit\u00e9 comp\u00e9tente d\u2019un pays d\u2019exp\u00e9dition d\u00e9couvre un transfert illicite de d\u00e9chets et d\u00e9cide de reprendre ces derniers au titre de l\u2019article 24, paragraphe 2, premier alin\u00e9a, sous c), du r\u00e8glement no 1013\/2006, cette disposition lui impose de proc\u00e9der \u00e0 la valorisation ou \u00e0 l\u2019\u00e9limination desdits d\u00e9chets"},"content":{"rendered":"<p>La Cour de justice de l\u2019Union europ\u00e9enne \u00e9tait saisie d\u2019une question pr\u00e9judicielle par la cour d\u2019appel de Stockholm, section des affaires immobili\u00e8res et environnementales.<\/p>\n<p>L\u2019affaire dont elle doit conna\u00eetre concerne deux soci\u00e9t\u00e9s qui voulaient proc\u00e9der \u00e0 un transfert de conteneurs au d\u00e9part de la Su\u00e8de \u00e0 destination du Cameroun, via la Belgique, et de la R\u00e9publique d\u00e9mocratique du Congo, via l\u2019Allemagne.<\/p>\n<p>Estimant que les conteneurs contenaient des d\u00e9chets, y compris des d\u00e9chets dangereux, l\u2019Agence su\u00e9doise de protection de l\u2019environnement conclut \u00e0 un transfert illicite de d\u00e9chets \u00e0 destination de pays tiers et les a inform\u00e9s que les deux conteneurs devaient \u00eatre renvoy\u00e9s en Su\u00e8de.<\/p>\n<p>Les soci\u00e9t\u00e9s exp\u00e9ditrices ne pouvant assurer le retour des conteneurs en Su\u00e8de, l\u2019agence organise le voyage et proc\u00e8de aux notifications de transferts pr\u00e9vues par l\u2019article\u00a024, paragraphe\u00a02, troisi\u00e8me alin\u00e9a, du r\u00e8glement n<sup>o<\/sup>\u00a01013\/2026. Elle s\u2019identifie en qualit\u00e9 de notifiant et de responsable du transfert et indique une installation de r\u00e9ception des d\u00e9chets agr\u00e9\u00e9e en Su\u00e8de o\u00f9 les d\u00e9chets \u00e9taient transf\u00e9r\u00e9s en vue de leur valorisation.<\/p>\n<p>Les soci\u00e9t\u00e9s exp\u00e9ditrices ont chacune introduit un recours devant la juridiction de premi\u00e8re instance contre les d\u00e9cisions de l\u2019agence. En accueillant partiellement les deux recours, cette juridiction a expliqu\u00e9 que, dans la mesure o\u00f9 ces d\u00e9cisions pr\u00e9voyaient le traitement du contenu des conteneurs par l\u2019agence, elles portaient atteinte au droit de propri\u00e9t\u00e9, alors qu\u2019aucune base juridique ne le permettait.<\/p>\n<p>L\u2019agence a interjet\u00e9 appel de ce jugement devant la juridiction de renvoi en faisant valoir que, si l\u2019article\u00a024, paragraphe\u00a02, premier alin\u00e9a, sous c), du r\u00e8glement n<sup>o<\/sup>\u00a01013\/2006 devait \u00eatre interpr\u00e9t\u00e9 comme ne permettant pas \u00e0 l\u2019autorit\u00e9 comp\u00e9tente du pays d\u2019exp\u00e9dition de valoriser les d\u00e9chets dans le pays d\u2019exp\u00e9dition lorsque l\u2019exportateur ne les a pas repris et est consid\u00e9r\u00e9 comme n\u2019\u00e9tant pas en mesure de les traiter d\u2019une mani\u00e8re appropri\u00e9e,<\/p>\n<p>La Cour d\u2019appel de Stockolm se demande, d\u2019une part, si les points c) et d) de l\u2019article\u00a024, paragraphe\u00a02, premier alin\u00e9a, du r\u00e8glement n<sup>o<\/sup>\u00a01013\/2006 s\u2019appliquent de mani\u00e8re alternative et, d\u2019autre part, si une reprise des d\u00e9chets sur le fondement du point c) comporte pour l\u2019agence l\u2019obligation ou seulement la facult\u00e9 de proc\u00e9der \u00e0 leur \u00e9limination ou valorisation. Par ailleurs, elle s\u2019interroge sur la compatibilit\u00e9 d\u2019un tel effet avec le droit de propri\u00e9t\u00e9.<\/p>\n<p>Pour la Cour de justice, il ressort des termes m\u00eames de l\u2019article\u00a024, paragraphe\u00a02, premier alin\u00e9a, sous c), du r\u00e8glement n<sup>o<\/sup>\u00a01013\/2006 que la reprise, par l\u2019autorit\u00e9 comp\u00e9tente du pays d\u2019exp\u00e9dition, de d\u00e9chets faisant l\u2019objet d\u2019un transfert illicite en vue de leur valorisation ou \u00e9limination, s\u2019applique \u00e0 titre subsidiaire, cette autorit\u00e9 intervenant uniquement lorsque le transfert illicite de d\u00e9chets est le fait du notifiant et que ce dernier n\u2019a ni repris ces d\u00e9chets ni, a fortiori, d\u00e9montr\u00e9 sa volont\u00e9 ou sa capacit\u00e9 \u00e0 les g\u00e9rer d\u2019une mani\u00e8re \u00e9cologiquement rationnelle ou qu\u2019il est susceptible de tenter de nouveau de les transf\u00e9rer illicitement.<\/p>\n<p>Ainsi, eu \u00e9gard au caract\u00e8re subsidiaire de l\u2019intervention de l\u2019autorit\u00e9 comp\u00e9tente, la reprise de d\u00e9chets par cette derni\u00e8re n\u2019est pas constitutive d\u2019une privation de propri\u00e9t\u00e9, au sens de l\u2019article\u00a017, paragraphe\u00a01, de la Charte. Il n\u2019en demeure pas moins qu\u2019une telle mesure constitue une limitation \u00e0 l\u2019exercice du droit de propri\u00e9t\u00e9, relevant de la r\u00e9glementation de l\u2019usage des biens, au sens de l\u2019article\u00a017, paragraphe\u00a01, troisi\u00e8me phrase, de la Charte, d\u00e8s lors que la destination de ces d\u00e9chets doit n\u00e9cessairement \u00eatre leur valorisation ou leur \u00e9limination.<\/p>\n<p>Elle rappelle que le droit de propri\u00e9t\u00e9 garanti par l\u2019article\u00a017, paragraphe\u00a01, de la Charte n\u2019est pas une pr\u00e9rogative absolue et que son exercice peut faire l\u2019objet, dans les conditions pr\u00e9vues \u00e0 l\u2019article\u00a052, paragraphe\u00a01, de la Charte, de restrictions justifi\u00e9es par des objectifs d\u2019int\u00e9r\u00eat g\u00e9n\u00e9ral poursuivis par l\u2019Union.<\/p>\n<p>En l\u2019occurrence, pour la Cour\u00a0:<\/p>\n<ul>\n<li>l\u2019exigence pr\u00e9vue \u00e0 l\u2019article\u00a052, paragraphe\u00a01, de la Charte, selon laquelle les restrictions \u00e0 l\u2019exercice du droit de propri\u00e9t\u00e9 doivent \u00ab\u00a0\u00eatre pr\u00e9vues par la loi\u00a0\u00bb est satisfaite, d\u00e8s lors que l\u2019article\u00a024, paragraphe\u00a02, premier alin\u00e9a, sous c), du r\u00e8glement n<sup>o<\/sup>1013\/2006 doit \u00eatre interpr\u00e9t\u00e9 comme obligeant l\u2019autorit\u00e9 comp\u00e9tente du pays d\u2019exp\u00e9dition \u00e0 valoriser ou \u00e0 \u00e9liminer les d\u00e9chets repris, ce qui est susceptible de restreindre le droit de propri\u00e9t\u00e9 de leurs propri\u00e9taires\u00a0;<\/li>\n<li>la protection de l\u2019environnement et de la sant\u00e9 humaine, qui constitue l\u2019objectif principal du r\u00e8glement n<sup>o<\/sup>\u00a01013\/2006, figure parmi les objectifs d\u2019int\u00e9r\u00eat g\u00e9n\u00e9ral susceptibles de justifier des restritions pouvant \u00eatre apport\u00e9es au droit de propri\u00e9t\u00e9\u00a0;<\/li>\n<li>la reprise des d\u00e9chets par l\u2019autorit\u00e9 comp\u00e9tente du pays d\u2019exp\u00e9dition aux fins de leur valorisation ou \u00e9limination \u00e0 la suite d\u2019un transfert illicite, en ce qu\u2019elle garantit le traitement de ces d\u00e9chets, est conforme au principe de proportionnalit\u00e9. En effet, d\u2019une part, une telle reprise est apte \u00e0 pr\u00e9server l\u2019objectif de protection de l\u2019environnement et de la sant\u00e9 humaine, et, d\u2019autre part, les inconv\u00e9nients caus\u00e9s, \u00e0 savoir, en l\u2019occurrence, les restrictions apport\u00e9es au droit de propri\u00e9t\u00e9, ne sont pas disproportionn\u00e9s par rapport \u00e0 cet objectif.<\/li>\n<\/ul>\n<p>Pour acc\u00e9der \u00e0 l\u2019arr\u00eat, suivez le lien :\u00a0<a href=\"https:\/\/curia.europa.eu\/juris\/document\/document.jsf?text=&amp;docid=305420&amp;pageIndex=0&amp;doclang=fr&amp;mode=req&amp;dir=&amp;occ=first&amp;part=1&amp;cid=5296443\">https:\/\/curia.europa.eu\/juris\/document\/document.jsf?text=&amp;docid=305420&amp;pageIndex=0&amp;doclang=fr&amp;mode=req&amp;dir=&amp;occ=first&amp;part=1&amp;cid=5296443<\/a>.<\/p>\n","protected":false},"excerpt":{"rendered":"<p>La Cour de justice de l\u2019Union europ\u00e9enne \u00e9tait saisie d\u2019une question pr\u00e9judicielle par la cour d\u2019appel de Stockholm, section des affaires immobili\u00e8res et environnementales. L\u2019affaire dont elle doit conna\u00eetre concerne deux soci\u00e9t\u00e9s qui voulaient proc\u00e9der \u00e0 un transfert de conteneurs au d\u00e9part de la Su\u00e8de \u00e0 destination du Cameroun, via la Belgique, et de la [&hellip;]<\/p>\n","protected":false},"author":3,"featured_media":12854,"comment_status":"closed","ping_status":"closed","sticky":false,"template":"","format":"standard","meta":{"_seopress_robots_primary_cat":"none","_seopress_titles_title":"","_seopress_titles_desc":"","_seopress_robots_index":"","footnotes":""},"categories":[70,73],"tags":[],"class_list":["post-13769","post","type-post","status-publish","format-standard","has-post-thumbnail","hentry","category-conference-en","category-press-en"],"_links":{"self":[{"href":"https:\/\/www.hv-a.be\/en\/wp-json\/wp\/v2\/posts\/13769","targetHints":{"allow":["GET"]}}],"collection":[{"href":"https:\/\/www.hv-a.be\/en\/wp-json\/wp\/v2\/posts"}],"about":[{"href":"https:\/\/www.hv-a.be\/en\/wp-json\/wp\/v2\/types\/post"}],"author":[{"embeddable":true,"href":"https:\/\/www.hv-a.be\/en\/wp-json\/wp\/v2\/users\/3"}],"replies":[{"embeddable":true,"href":"https:\/\/www.hv-a.be\/en\/wp-json\/wp\/v2\/comments?post=13769"}],"version-history":[{"count":2,"href":"https:\/\/www.hv-a.be\/en\/wp-json\/wp\/v2\/posts\/13769\/revisions"}],"predecessor-version":[{"id":13787,"href":"https:\/\/www.hv-a.be\/en\/wp-json\/wp\/v2\/posts\/13769\/revisions\/13787"}],"wp:featuredmedia":[{"embeddable":true,"href":"https:\/\/www.hv-a.be\/en\/wp-json\/wp\/v2\/media\/12854"}],"wp:attachment":[{"href":"https:\/\/www.hv-a.be\/en\/wp-json\/wp\/v2\/media?parent=13769"}],"wp:term":[{"taxonomy":"category","embeddable":true,"href":"https:\/\/www.hv-a.be\/en\/wp-json\/wp\/v2\/categories?post=13769"},{"taxonomy":"post_tag","embeddable":true,"href":"https:\/\/www.hv-a.be\/en\/wp-json\/wp\/v2\/tags?post=13769"}],"curies":[{"name":"wp","href":"https:\/\/api.w.org\/{rel}","templated":true}]}}