{"id":14529,"date":"2026-01-16T12:09:02","date_gmt":"2026-01-16T11:09:02","guid":{"rendered":"https:\/\/www.hv-a.be\/intervention-le-5-mars-2026-de-nicolas-lagasse-et-benoit-havet-a-linvitation-de-lassociation-des-juristes-namurois-et-a-faculte-de-droit-de-luniversite-de-namur-sur-le-theme-1001-questions-s\/"},"modified":"2026-01-16T12:14:00","modified_gmt":"2026-01-16T11:14:00","slug":"intervention-le-5-mars-2026-de-nicolas-lagasse-et-benoit-havet-a-linvitation-de-lassociation-des-juristes-namurois-et-a-faculte-de-droit-de-luniversite-de-namur-sur-le-theme-1001-questions-s","status":"publish","type":"post","link":"https:\/\/www.hv-a.be\/en\/intervention-le-5-mars-2026-de-nicolas-lagasse-et-benoit-havet-a-linvitation-de-lassociation-des-juristes-namurois-et-a-faculte-de-droit-de-luniversite-de-namur-sur-le-theme-1001-questions-s\/","title":{"rendered":"Intervention, le 5 mars 2026 de Nicolas Lagasse et Benoit Havet, \u00e0 l&#8217;invitation de l&#8217;Association des juristes namurois et de la Facult\u00e9 de droit de l&#8217;Universit\u00e9 de Namur, sur le th\u00e8me &#8220;1001 questions sur l&#8217;OMBUDSMAN : Comment faire de la m\u00e9diation administrative un levier efficace de r\u00e9solution des litiges?&#8221;"},"content":{"rendered":"<p>Nicolas Lagasse, M\u00e9diateur commun de la Wallonie et de la F\u00e9d\u00e9ration Wallonie-Bruxelles et Benoit Havet, avocat interviendront \u00e0 Namur le 5 mars 2026 de 17h \u00e0 19h dans le cadre d&#8217;une conf\u00e9rence organis\u00e9e par l&#8217;Association des juristes namurois et la Facult\u00e9 de droit de l&#8217;Universit\u00e9 de Namur sur le th\u00e8me &#8220;1001 questions sur l&#8217;OMBUDSMAN : Comment faire de la m\u00e9diation administrative un levier efficace de r\u00e9solution des litiges?&#8221;<\/p>\n<p>A la suite de Monsieur Nicolas Lagasse, M\u00e9diateur commun de la Wallonie et de la F\u00e9d\u00e9ration Wallonie-Bruxelles, il partagera l&#8217;exp\u00e9rience qu&#8217;il a pu acqu\u00e9rir en qualit\u00e9 d&#8217;avocat dans le cadre des r\u00e9clamations qu&#8217;il a \u00e9t\u00e9 amen\u00e9 \u00e0 introduire devant le m\u00e9diateur de la Wallonie et les enseignements pratiques qu&#8217;il a pu en tirer sur :<\/p>\n<ul>\n<li>les avantages du recours \u00e0 la m\u00e9diation institutionnelle;<\/li>\n<li>le choix de la voire \u00e0 suivre, tous les dossiers ne se pr\u00eatant pas \u00e0 la m\u00e9diation;<\/li>\n<li>les effets de la proc\u00e9dure de m\u00e9diation &#8230;.<\/li>\n<\/ul>\n<p>Pour plus de renseignements et\/ou vous inscrire, suivez le lien suivant :<a href=\"https:\/\/www.ajn.be\/nos-conferences\/2026\/affiche-mediation\">https:\/\/www.ajn.be\/nos-conferences\/2026\/affiche-mediation<\/a>;<\/p>\n","protected":false},"excerpt":{"rendered":"<p>Nicolas Lagasse, M\u00e9diateur commun de la Wallonie et de la F\u00e9d\u00e9ration Wallonie-Bruxelles et Benoit Havet, avocat interviendront \u00e0 Namur le 5 mars 2026 de 17h \u00e0 19h dans le cadre d&#8217;une conf\u00e9rence organis\u00e9e par l&#8217;Association des juristes namurois et la Facult\u00e9 de droit de l&#8217;Universit\u00e9 de Namur sur le th\u00e8me &#8220;1001 questions sur l&#8217;OMBUDSMAN : [&hellip;]<\/p>\n","protected":false},"author":3,"featured_media":14525,"comment_status":"closed","ping_status":"closed","sticky":false,"template":"","format":"standard","meta":{"_seopress_robots_primary_cat":"none","_seopress_titles_title":"","_seopress_titles_desc":"","_seopress_robots_index":"","footnotes":""},"categories":[70,85,82],"tags":[],"class_list":["post-14529","post","type-post","status-publish","format-standard","has-post-thumbnail","hentry","category-conference-en","category-evenement-en","category-formation-en"],"_links":{"self":[{"href":"https:\/\/www.hv-a.be\/en\/wp-json\/wp\/v2\/posts\/14529","targetHints":{"allow":["GET"]}}],"collection":[{"href":"https:\/\/www.hv-a.be\/en\/wp-json\/wp\/v2\/posts"}],"about":[{"href":"https:\/\/www.hv-a.be\/en\/wp-json\/wp\/v2\/types\/post"}],"author":[{"embeddable":true,"href":"https:\/\/www.hv-a.be\/en\/wp-json\/wp\/v2\/users\/3"}],"replies":[{"embeddable":true,"href":"https:\/\/www.hv-a.be\/en\/wp-json\/wp\/v2\/comments?post=14529"}],"version-history":[{"count":2,"href":"https:\/\/www.hv-a.be\/en\/wp-json\/wp\/v2\/posts\/14529\/revisions"}],"predecessor-version":[{"id":14537,"href":"https:\/\/www.hv-a.be\/en\/wp-json\/wp\/v2\/posts\/14529\/revisions\/14537"}],"wp:featuredmedia":[{"embeddable":true,"href":"https:\/\/www.hv-a.be\/en\/wp-json\/wp\/v2\/media\/14525"}],"wp:attachment":[{"href":"https:\/\/www.hv-a.be\/en\/wp-json\/wp\/v2\/media?parent=14529"}],"wp:term":[{"taxonomy":"category","embeddable":true,"href":"https:\/\/www.hv-a.be\/en\/wp-json\/wp\/v2\/categories?post=14529"},{"taxonomy":"post_tag","embeddable":true,"href":"https:\/\/www.hv-a.be\/en\/wp-json\/wp\/v2\/tags?post=14529"}],"curies":[{"name":"wp","href":"https:\/\/api.w.org\/{rel}","templated":true}]}}