{"id":9546,"date":"2023-03-02T10:54:16","date_gmt":"2023-03-02T09:54:16","guid":{"rendered":"https:\/\/www.hv-a.be\/la-mitoyennete-apres-la-reforme-aspects-juridiques-techniques-et-pratiques\/"},"modified":"2024-05-29T10:04:03","modified_gmt":"2024-05-29T08:04:03","slug":"la-mitoyennete-apres-la-reforme-aspects-juridiques-techniques-et-pratiques","status":"publish","type":"post","link":"https:\/\/www.hv-a.be\/en\/la-mitoyennete-apres-la-reforme-aspects-juridiques-techniques-et-pratiques\/","title":{"rendered":"LA MITOYENNET\u00c9 APR\u00c8S LA R\u00c9FORME : ASPECTS JURIDIQUES, TECHNIQUES ET PRATIQUES"},"content":{"rendered":"<p>Ma\u00eetre Benoit Havet aura le plaisir de prendre part, le 6 avril prochain, \u00e0 l&#8217;apr\u00e8s-midi d&#8217;\u00e9tudes organis\u00e9e par la CCAI : Chambre de conciliation, d&#8217;arbitrage et de m\u00e9diation en mati\u00e8re immobili\u00e8re, pr\u00e9sid\u00e9e par Ma\u00eetres Bernard FRANCIS et Fr\u00e9d\u00e9ric Van Bever relative \u00e0 la mitoyennet\u00e9. A vos r\u00e9servations!<\/p>\n<p>Le programme est disponible sous le lien suivant : <a href=\"https:\/\/www.ccai.be\/images\/docs\/ccai_progr_coll_060423.pdf\">https:\/\/www.ccai.be\/images\/docs\/ccai_progr_coll_060423.pdf <\/a><\/p>\n","protected":false},"excerpt":{"rendered":"<p>Ma\u00eetre Benoit Havet aura le plaisir de prendre part, le 6 avril prochain, \u00e0 l&#8217;apr\u00e8s-midi d&#8217;\u00e9tudes organis\u00e9e par la CCAI : Chambre de conciliation, d&#8217;arbitrage et de m\u00e9diation en mati\u00e8re immobili\u00e8re, pr\u00e9sid\u00e9e par Ma\u00eetres Bernard FRANCIS et Fr\u00e9d\u00e9ric Van Bever relative \u00e0 la mitoyennet\u00e9. A vos r\u00e9servations! Le programme est disponible sous le lien suivant [&hellip;]<\/p>\n","protected":false},"author":1,"featured_media":8685,"comment_status":"closed","ping_status":"closed","sticky":false,"template":"","format":"standard","meta":{"_seopress_robots_primary_cat":"","_seopress_titles_title":"","_seopress_titles_desc":"","_seopress_robots_index":"","footnotes":""},"categories":[70,82,73],"tags":[],"class_list":["post-9546","post","type-post","status-publish","format-standard","has-post-thumbnail","hentry","category-conference-en","category-formation-en","category-press-en"],"_links":{"self":[{"href":"https:\/\/www.hv-a.be\/en\/wp-json\/wp\/v2\/posts\/9546","targetHints":{"allow":["GET"]}}],"collection":[{"href":"https:\/\/www.hv-a.be\/en\/wp-json\/wp\/v2\/posts"}],"about":[{"href":"https:\/\/www.hv-a.be\/en\/wp-json\/wp\/v2\/types\/post"}],"author":[{"embeddable":true,"href":"https:\/\/www.hv-a.be\/en\/wp-json\/wp\/v2\/users\/1"}],"replies":[{"embeddable":true,"href":"https:\/\/www.hv-a.be\/en\/wp-json\/wp\/v2\/comments?post=9546"}],"version-history":[{"count":3,"href":"https:\/\/www.hv-a.be\/en\/wp-json\/wp\/v2\/posts\/9546\/revisions"}],"predecessor-version":[{"id":10082,"href":"https:\/\/www.hv-a.be\/en\/wp-json\/wp\/v2\/posts\/9546\/revisions\/10082"}],"wp:featuredmedia":[{"embeddable":true,"href":"https:\/\/www.hv-a.be\/en\/wp-json\/wp\/v2\/media\/8685"}],"wp:attachment":[{"href":"https:\/\/www.hv-a.be\/en\/wp-json\/wp\/v2\/media?parent=9546"}],"wp:term":[{"taxonomy":"category","embeddable":true,"href":"https:\/\/www.hv-a.be\/en\/wp-json\/wp\/v2\/categories?post=9546"},{"taxonomy":"post_tag","embeddable":true,"href":"https:\/\/www.hv-a.be\/en\/wp-json\/wp\/v2\/tags?post=9546"}],"curies":[{"name":"wp","href":"https:\/\/api.w.org\/{rel}","templated":true}]}}