{"id":9609,"date":"2023-06-23T08:18:35","date_gmt":"2023-06-23T06:18:35","guid":{"rendered":"https:\/\/www.hv-a.be\/formation-la-poursuite-des-infractions-urbanistiques-et-environnementales-en-region-wallonne\/"},"modified":"2024-05-29T10:02:13","modified_gmt":"2024-05-29T08:02:13","slug":"formation-la-poursuite-des-infractions-urbanistiques-et-environnementales-en-region-wallonne","status":"publish","type":"post","link":"https:\/\/www.hv-a.be\/en\/formation-la-poursuite-des-infractions-urbanistiques-et-environnementales-en-region-wallonne\/","title":{"rendered":"Formation : la poursuite des infractions urbanistiques et environnementales en R\u00e9gion wallonne"},"content":{"rendered":"<p>Le 23 ao\u00fbt prochain, Benoit HAVET et Annabelle VANHUFFEL auront le plaisir d\u2019intervenir dans le cadre des universit\u00e9s d\u2019\u00e9t\u00e9 de l\u2019Ordre des Barreaux francophones et germanophone de Belgique (Avocats.be) sur le th\u00e8me de la poursuite des infractions urbanistiques et environnementales en R\u00e9gion wallonne.<\/p>\n<p>Toutes les informations relatives \u00e0 cette formation peuvent \u00eatre consult\u00e9es via le lien suivant : <a href=\"https:\/\/universites.avocats.be\/fr\/atelier\/la-poursuite-des-infractions-urbanistiques-et-environnementales-en-region-wallonne-aspects\">https:\/\/universites.avocats.be\/fr\/atelier\/la-poursuite-des-infractions-urbanistiques-et-environnementales-en-region-wallonne-aspects<\/a><\/p>\n","protected":false},"excerpt":{"rendered":"<p>Le 23 ao\u00fbt prochain, Benoit HAVET et Annabelle VANHUFFEL auront le plaisir d\u2019intervenir dans le cadre des universit\u00e9s d\u2019\u00e9t\u00e9 de l\u2019Ordre des Barreaux francophones et germanophone de Belgique (Avocats.be) sur le th\u00e8me de la poursuite des infractions urbanistiques et environnementales en R\u00e9gion wallonne. Toutes les informations relatives \u00e0 cette formation peuvent \u00eatre consult\u00e9es via le [&hellip;]<\/p>\n","protected":false},"author":1,"featured_media":8676,"comment_status":"closed","ping_status":"closed","sticky":false,"template":"","format":"standard","meta":{"_seopress_robots_primary_cat":"","_seopress_titles_title":"","_seopress_titles_desc":"","_seopress_robots_index":"","footnotes":""},"categories":[70,82,73],"tags":[],"class_list":["post-9609","post","type-post","status-publish","format-standard","has-post-thumbnail","hentry","category-conference-en","category-formation-en","category-press-en"],"_links":{"self":[{"href":"https:\/\/www.hv-a.be\/en\/wp-json\/wp\/v2\/posts\/9609","targetHints":{"allow":["GET"]}}],"collection":[{"href":"https:\/\/www.hv-a.be\/en\/wp-json\/wp\/v2\/posts"}],"about":[{"href":"https:\/\/www.hv-a.be\/en\/wp-json\/wp\/v2\/types\/post"}],"author":[{"embeddable":true,"href":"https:\/\/www.hv-a.be\/en\/wp-json\/wp\/v2\/users\/1"}],"replies":[{"embeddable":true,"href":"https:\/\/www.hv-a.be\/en\/wp-json\/wp\/v2\/comments?post=9609"}],"version-history":[{"count":2,"href":"https:\/\/www.hv-a.be\/en\/wp-json\/wp\/v2\/posts\/9609\/revisions"}],"predecessor-version":[{"id":10078,"href":"https:\/\/www.hv-a.be\/en\/wp-json\/wp\/v2\/posts\/9609\/revisions\/10078"}],"wp:featuredmedia":[{"embeddable":true,"href":"https:\/\/www.hv-a.be\/en\/wp-json\/wp\/v2\/media\/8676"}],"wp:attachment":[{"href":"https:\/\/www.hv-a.be\/en\/wp-json\/wp\/v2\/media?parent=9609"}],"wp:term":[{"taxonomy":"category","embeddable":true,"href":"https:\/\/www.hv-a.be\/en\/wp-json\/wp\/v2\/categories?post=9609"},{"taxonomy":"post_tag","embeddable":true,"href":"https:\/\/www.hv-a.be\/en\/wp-json\/wp\/v2\/tags?post=9609"}],"curies":[{"name":"wp","href":"https:\/\/api.w.org\/{rel}","templated":true}]}}