{"id":9690,"date":"2023-09-29T09:18:05","date_gmt":"2023-09-29T07:18:05","guid":{"rendered":"https:\/\/www.hv-a.be\/save-the-date-formation-uwa-3-octobre-2023\/"},"modified":"2023-09-29T09:18:05","modified_gmt":"2023-09-29T07:18:05","slug":"save-the-date-formation-uwa-3-octobre-2023","status":"publish","type":"post","link":"https:\/\/www.hv-a.be\/en\/save-the-date-formation-uwa-3-octobre-2023\/","title":{"rendered":"Save the date : Formation UWA 3 octobre 2023"},"content":{"rendered":"<p>Demi-journ\u00e9e d\u2019\u00e9tudes organis\u00e9e par l\u2019Union wallonne des architectes sur le Sch\u00e9ma de D\u00e9veloppement du Territoire \ud83d\uddfa<\/p>\n<p>Benoit Havet interviendra aux c\u00f4t\u00e9s d&#8217;autres orateurs le 3 octobre prochain dans le cadre d\u2019une demi-journ\u00e9e d\u2019\u00e9tudes organis\u00e9e par l\u2019UWA &#8211; Union wallonne des architectes. Il abordera les aspects juridiques du Sch\u00e9ma de D\u00e9veloppement du Territoire wallon dans son volet relatif aux centralit\u00e9s.<\/p>\n<p>Toutes les informations pratiques sont accessibles via le lien repris ci-dessous: \u2935<br \/>\nhttps:\/\/lnkd.in\/ewhAffBr<\/p>\n","protected":false},"excerpt":{"rendered":"<p>Demi-journ\u00e9e d\u2019\u00e9tudes organis\u00e9e par l\u2019Union wallonne des architectes sur le Sch\u00e9ma de D\u00e9veloppement du Territoire \ud83d\uddfa Benoit Havet interviendra aux c\u00f4t\u00e9s d&#8217;autres orateurs le 3 octobre prochain dans le cadre d\u2019une demi-journ\u00e9e d\u2019\u00e9tudes organis\u00e9e par l\u2019UWA &#8211; Union wallonne des architectes. Il abordera les aspects juridiques du Sch\u00e9ma de D\u00e9veloppement du Territoire wallon dans son [&hellip;]<\/p>\n","protected":false},"author":1,"featured_media":9686,"comment_status":"closed","ping_status":"closed","sticky":false,"template":"","format":"standard","meta":{"_seopress_robots_primary_cat":"","_seopress_titles_title":"","_seopress_titles_desc":"","_seopress_robots_index":"","footnotes":""},"categories":[73],"tags":[],"class_list":["post-9690","post","type-post","status-publish","format-standard","has-post-thumbnail","hentry","category-press-en"],"_links":{"self":[{"href":"https:\/\/www.hv-a.be\/en\/wp-json\/wp\/v2\/posts\/9690","targetHints":{"allow":["GET"]}}],"collection":[{"href":"https:\/\/www.hv-a.be\/en\/wp-json\/wp\/v2\/posts"}],"about":[{"href":"https:\/\/www.hv-a.be\/en\/wp-json\/wp\/v2\/types\/post"}],"author":[{"embeddable":true,"href":"https:\/\/www.hv-a.be\/en\/wp-json\/wp\/v2\/users\/1"}],"replies":[{"embeddable":true,"href":"https:\/\/www.hv-a.be\/en\/wp-json\/wp\/v2\/comments?post=9690"}],"version-history":[{"count":0,"href":"https:\/\/www.hv-a.be\/en\/wp-json\/wp\/v2\/posts\/9690\/revisions"}],"wp:featuredmedia":[{"embeddable":true,"href":"https:\/\/www.hv-a.be\/en\/wp-json\/wp\/v2\/media\/9686"}],"wp:attachment":[{"href":"https:\/\/www.hv-a.be\/en\/wp-json\/wp\/v2\/media?parent=9690"}],"wp:term":[{"taxonomy":"category","embeddable":true,"href":"https:\/\/www.hv-a.be\/en\/wp-json\/wp\/v2\/categories?post=9690"},{"taxonomy":"post_tag","embeddable":true,"href":"https:\/\/www.hv-a.be\/en\/wp-json\/wp\/v2\/tags?post=9690"}],"curies":[{"name":"wp","href":"https:\/\/api.w.org\/{rel}","templated":true}]}}