{"id":11693,"date":"2024-12-04T19:02:53","date_gmt":"2024-12-04T18:02:53","guid":{"rendered":"https:\/\/www.hv-a.be\/la-commission-des-finances-du-parlement-de-wallonie-adopte-le-projet-de-decret-reduisant-les-droits-denregistrement-a-3-pour-lachat-dun-premier-logement\/"},"modified":"2024-12-05T10:55:32","modified_gmt":"2024-12-05T09:55:32","slug":"la-commission-des-finances-du-parlement-de-wallonie-adopte-le-projet-de-decret-reduisant-les-droits-denregistrement-a-3-pour-lachat-dun-premier-logement","status":"publish","type":"post","link":"https:\/\/www.hv-a.be\/nl\/la-commission-des-finances-du-parlement-de-wallonie-adopte-le-projet-de-decret-reduisant-les-droits-denregistrement-a-3-pour-lachat-dun-premier-logement\/","title":{"rendered":"Le Parlement de Wallonie adopte le 4 d\u00e9cembre 2024 d\u00e9cret r\u00e9duisant les droits d&#8217;enregistrement \u00e0 3% pour l&#8217;achat d&#8217;un premier logement"},"content":{"rendered":"<p>Le Parlement de Wallonie a adopt\u00e9 en s\u00e9ance pl\u00e9ni\u00e8re de ce 4 d\u00e9cembre un d\u00e9cret \u00ab portant r\u00e9forme de la fiscalit\u00e9 wallonne et instaurant un taux r\u00e9duit de droits d\u2019enregistrement pour l\u2019acquisition d\u2019une habitation propre et unique ainsi qu\u2019une diminution g\u00e9n\u00e9rale des droits de succession \u00bb.<\/p>\n<p>Le d\u00e9cret instaure un taux r\u00e9duit de droits d\u2019enregistrement pour l\u2019acquisition d\u2019une habitation propre et unique ainsi qu\u2019une diminution g\u00e9n\u00e9rale des droits de succession. Le texte adopt\u00e9 est consultable via le lien suivant : <a href=\"https:\/\/nautilus.parlement-wallon.be\/Archives\/2024_2025\/DECRET\/97_7.pdf\">https:\/\/nautilus.parlement-wallon.be\/Archives\/2024_2025\/DECRET\/97_7.pdf<\/a>.<\/p>\n<p>Pour plus de renseignements sur les discussions qui ont pr\u00e9c\u00e9d\u00e9 le vote, voyez le site du Parlement de Wallonie consacr\u00e9 \u00e0 ce projet de d\u00e9cret : <a href=\"https:\/\/www.parlement-wallonie.be\/pwpages?p=doc-recherche-det&amp;iddoc=130702\">https:\/\/www.parlement-wallonie.be\/pwpages?p=doc-recherche-det&amp;iddoc=130702<\/a><\/p>\n","protected":false},"excerpt":{"rendered":"<p>Le Parlement de Wallonie a adopt\u00e9 en s\u00e9ance pl\u00e9ni\u00e8re de ce 4 d\u00e9cembre un d\u00e9cret \u00ab portant r\u00e9forme de la fiscalit\u00e9 wallonne et instaurant un taux r\u00e9duit de droits d\u2019enregistrement pour l\u2019acquisition d\u2019une habitation propre et unique ainsi qu\u2019une diminution g\u00e9n\u00e9rale des droits de succession \u00bb. Le d\u00e9cret instaure un taux r\u00e9duit de droits d\u2019enregistrement [&hellip;]<\/p>\n","protected":false},"author":3,"featured_media":10197,"comment_status":"closed","ping_status":"closed","sticky":false,"template":"","format":"standard","meta":{"_seopress_robots_primary_cat":"","_seopress_titles_title":"","_seopress_titles_desc":"","_seopress_robots_index":"","footnotes":""},"categories":[84,72],"tags":[],"class_list":["post-11693","post","type-post","status-publish","format-standard","has-post-thumbnail","hentry","category-evenement-nl","category-press-nl"],"_links":{"self":[{"href":"https:\/\/www.hv-a.be\/nl\/wp-json\/wp\/v2\/posts\/11693","targetHints":{"allow":["GET"]}}],"collection":[{"href":"https:\/\/www.hv-a.be\/nl\/wp-json\/wp\/v2\/posts"}],"about":[{"href":"https:\/\/www.hv-a.be\/nl\/wp-json\/wp\/v2\/types\/post"}],"author":[{"embeddable":true,"href":"https:\/\/www.hv-a.be\/nl\/wp-json\/wp\/v2\/users\/3"}],"replies":[{"embeddable":true,"href":"https:\/\/www.hv-a.be\/nl\/wp-json\/wp\/v2\/comments?post=11693"}],"version-history":[{"count":5,"href":"https:\/\/www.hv-a.be\/nl\/wp-json\/wp\/v2\/posts\/11693\/revisions"}],"predecessor-version":[{"id":11712,"href":"https:\/\/www.hv-a.be\/nl\/wp-json\/wp\/v2\/posts\/11693\/revisions\/11712"}],"wp:featuredmedia":[{"embeddable":true,"href":"https:\/\/www.hv-a.be\/nl\/wp-json\/wp\/v2\/media\/10197"}],"wp:attachment":[{"href":"https:\/\/www.hv-a.be\/nl\/wp-json\/wp\/v2\/media?parent=11693"}],"wp:term":[{"taxonomy":"category","embeddable":true,"href":"https:\/\/www.hv-a.be\/nl\/wp-json\/wp\/v2\/categories?post=11693"},{"taxonomy":"post_tag","embeddable":true,"href":"https:\/\/www.hv-a.be\/nl\/wp-json\/wp\/v2\/tags?post=11693"}],"curies":[{"name":"wp","href":"https:\/\/api.w.org\/{rel}","templated":true}]}}