{"id":12011,"date":"2025-01-20T16:07:23","date_gmt":"2025-01-20T15:07:23","guid":{"rendered":"https:\/\/www.hv-a.be\/la-belgique-a-communique-ce-16-janvier-2025-son-inventaire-provisoire-des-emissions-de-gaz-a-effet-de-serre-a-la-commission-europeenne-pour-la-periode-1990-2023\/"},"modified":"2025-01-20T18:37:48","modified_gmt":"2025-01-20T17:37:48","slug":"la-belgique-a-communique-ce-16-janvier-2025-son-inventaire-provisoire-des-emissions-de-gaz-a-effet-de-serre-a-la-commission-europeenne-pour-la-periode-1990-2023","status":"publish","type":"post","link":"https:\/\/www.hv-a.be\/nl\/la-belgique-a-communique-ce-16-janvier-2025-son-inventaire-provisoire-des-emissions-de-gaz-a-effet-de-serre-a-la-commission-europeenne-pour-la-periode-1990-2023\/","title":{"rendered":"La Belgique a communiqu\u00e9 ce 16 janvier 2025 son inventaire provisoire des \u00e9missions de gaz \u00e0 effet de serre \u00e0 la Commission europ\u00e9enne pour la p\u00e9riode 1990 &#8211; 2023, lequel fait \u00e9tat d&#8217;une diminution d&#8217;environ 30 pour cent de ce type d&#8217;\u00e9missions"},"content":{"rendered":"<p>La Belgique a communiqu\u00e9 ce 16 janvier 2025 son inventaire provisoire des \u00e9missions de gaz \u00e0 effet de serre \u00e0 la Commission europ\u00e9enne pour la p\u00e9riode 1990 &#8211; 2023<\/p>\n<p>En 2023, les \u00e9missions totales de gaz \u00e0 effet de serre en Belgique s&#8217;\u00e9levaient \u00e0 98,6 Mt d&#8217;\u00e9quivalent CO <sub>2\u00b2<\/sub>\u00a0. Soit une baisse de 32,4% par rapport \u00e0 1990, ann\u00e9e de r\u00e9f\u00e9rence\u00b3, et une baisse de 4,62% \u200b\u200bpar rapport \u00e0 2022.<\/p>\n<p>Toutes les informations utiles ainsi que le rapport en question sont disponibles sur le site\u00a0<a href=\"https:\/\/klimaat.be\/in-belgie\/klimaat-en-uitstoot\/uitstoot-van-broeikasgassen\">https:\/\/klimaat.be\/in-belgie\/klimaat-en-uitstoot\/uitstoot-van-broeikasgassen<\/a><\/p>\n","protected":false},"excerpt":{"rendered":"<p>La Belgique a communiqu\u00e9 ce 16 janvier 2025 son inventaire provisoire des \u00e9missions de gaz \u00e0 effet de serre \u00e0 la Commission europ\u00e9enne pour la p\u00e9riode 1990 &#8211; 2023 En 2023, les \u00e9missions totales de gaz \u00e0 effet de serre en Belgique s&#8217;\u00e9levaient \u00e0 98,6 Mt d&#8217;\u00e9quivalent CO 2\u00b2\u00a0. Soit une baisse de 32,4% par [&hellip;]<\/p>\n","protected":false},"author":3,"featured_media":11417,"comment_status":"closed","ping_status":"closed","sticky":false,"template":"","format":"standard","meta":{"_seopress_robots_primary_cat":"","_seopress_titles_title":"","_seopress_titles_desc":"","_seopress_robots_index":"","footnotes":""},"categories":[84,72],"tags":[],"class_list":["post-12011","post","type-post","status-publish","format-standard","has-post-thumbnail","hentry","category-evenement-nl","category-press-nl"],"_links":{"self":[{"href":"https:\/\/www.hv-a.be\/nl\/wp-json\/wp\/v2\/posts\/12011","targetHints":{"allow":["GET"]}}],"collection":[{"href":"https:\/\/www.hv-a.be\/nl\/wp-json\/wp\/v2\/posts"}],"about":[{"href":"https:\/\/www.hv-a.be\/nl\/wp-json\/wp\/v2\/types\/post"}],"author":[{"embeddable":true,"href":"https:\/\/www.hv-a.be\/nl\/wp-json\/wp\/v2\/users\/3"}],"replies":[{"embeddable":true,"href":"https:\/\/www.hv-a.be\/nl\/wp-json\/wp\/v2\/comments?post=12011"}],"version-history":[{"count":3,"href":"https:\/\/www.hv-a.be\/nl\/wp-json\/wp\/v2\/posts\/12011\/revisions"}],"predecessor-version":[{"id":12027,"href":"https:\/\/www.hv-a.be\/nl\/wp-json\/wp\/v2\/posts\/12011\/revisions\/12027"}],"wp:featuredmedia":[{"embeddable":true,"href":"https:\/\/www.hv-a.be\/nl\/wp-json\/wp\/v2\/media\/11417"}],"wp:attachment":[{"href":"https:\/\/www.hv-a.be\/nl\/wp-json\/wp\/v2\/media?parent=12011"}],"wp:term":[{"taxonomy":"category","embeddable":true,"href":"https:\/\/www.hv-a.be\/nl\/wp-json\/wp\/v2\/categories?post=12011"},{"taxonomy":"post_tag","embeddable":true,"href":"https:\/\/www.hv-a.be\/nl\/wp-json\/wp\/v2\/tags?post=12011"}],"curies":[{"name":"wp","href":"https:\/\/api.w.org\/{rel}","templated":true}]}}