{"id":12730,"date":"2025-04-28T18:35:22","date_gmt":"2025-04-28T16:35:22","guid":{"rendered":"https:\/\/www.hv-a.be\/attaque-informatique-du-service-public-de-wallonie-prorogation-de-60-jours-des-delais-imperatifs-prevus-pour-les-procedures-de-delivrance-des-permis-durbanisme-permis-denvironnement-et-des-perm\/"},"modified":"2025-04-28T18:36:42","modified_gmt":"2025-04-28T16:36:42","slug":"attaque-informatique-du-service-public-de-wallonie-prorogation-de-60-jours-des-delais-imperatifs-prevus-pour-les-procedures-de-delivrance-des-permis-durbanisme-permis-denvironnement-et-des-perm","status":"publish","type":"post","link":"https:\/\/www.hv-a.be\/nl\/attaque-informatique-du-service-public-de-wallonie-prorogation-de-60-jours-des-delais-imperatifs-prevus-pour-les-procedures-de-delivrance-des-permis-durbanisme-permis-denvironnement-et-des-perm\/","title":{"rendered":"Attaque informatique du Service public de Wallonie &#8211; prorogation de 60 jours des d\u00e9lais imp\u00e9ratifs pr\u00e9vus pour les proc\u00e9dures de d\u00e9livrance des permis d&#8217;urbanisme, permis d&#8217;environnement et des permis uniques"},"content":{"rendered":"<p>Suite \u00e0 l&#8217;attaque informatique dont Service public de Wallonie a fait l&#8217;objet il y a une semaine, la d\u00e9cision aurait \u00e9t\u00e9 prise ce 28 avril, de prolonger de 60 jours calendrier les d\u00e9lais qui d\u00e9butent et\/ou expirent pendant la p\u00e9riode critique ainsi que ceux qui d\u00e9butent avant et expirent apr\u00e8s.<\/p>\n<p>Cette prolongation concernerait , en ce qui concerne l&#8217;immobilier, l&#8217;urbanisme et l&#8217;environnement, les march\u00e9s publics locaux et r\u00e9gionaux et l&#8217;ensemble des d\u00e9lais imp\u00e9ratifs pr\u00e9vus par le Code du D\u00e9veloppement Territorial (CoDT), dont les proc\u00e9dures li\u00e9es aux permis, tant en premi\u00e8re instance qu\u2019en recours, les permis d\u2019environnement et les permis uniques ainsi que les demandes de maintien des primes \u00e0 la r\u00e9novation, initialement fix\u00e9 \u00e0 trois mois \u00e0 compter de la r\u00e9ception de la demande (concernant les demandes introduites entre le 14 et le 28 f\u00e9vrier).<\/p>\n","protected":false},"excerpt":{"rendered":"<p>Suite \u00e0 l&#8217;attaque informatique dont Service public de Wallonie a fait l&#8217;objet il y a une semaine, la d\u00e9cision aurait \u00e9t\u00e9 prise ce 28 avril, de prolonger de 60 jours calendrier les d\u00e9lais qui d\u00e9butent et\/ou expirent pendant la p\u00e9riode critique ainsi que ceux qui d\u00e9butent avant et expirent apr\u00e8s. Cette prolongation concernerait , en [&hellip;]<\/p>\n","protected":false},"author":3,"featured_media":12738,"comment_status":"closed","ping_status":"closed","sticky":false,"template":"","format":"standard","meta":{"_seopress_robots_primary_cat":"none","_seopress_titles_title":"","_seopress_titles_desc":"","_seopress_robots_index":"","footnotes":""},"categories":[84,72],"tags":[],"class_list":["post-12730","post","type-post","status-publish","format-standard","has-post-thumbnail","hentry","category-evenement-nl","category-press-nl"],"_links":{"self":[{"href":"https:\/\/www.hv-a.be\/nl\/wp-json\/wp\/v2\/posts\/12730","targetHints":{"allow":["GET"]}}],"collection":[{"href":"https:\/\/www.hv-a.be\/nl\/wp-json\/wp\/v2\/posts"}],"about":[{"href":"https:\/\/www.hv-a.be\/nl\/wp-json\/wp\/v2\/types\/post"}],"author":[{"embeddable":true,"href":"https:\/\/www.hv-a.be\/nl\/wp-json\/wp\/v2\/users\/3"}],"replies":[{"embeddable":true,"href":"https:\/\/www.hv-a.be\/nl\/wp-json\/wp\/v2\/comments?post=12730"}],"version-history":[{"count":2,"href":"https:\/\/www.hv-a.be\/nl\/wp-json\/wp\/v2\/posts\/12730\/revisions"}],"predecessor-version":[{"id":12741,"href":"https:\/\/www.hv-a.be\/nl\/wp-json\/wp\/v2\/posts\/12730\/revisions\/12741"}],"wp:featuredmedia":[{"embeddable":true,"href":"https:\/\/www.hv-a.be\/nl\/wp-json\/wp\/v2\/media\/12738"}],"wp:attachment":[{"href":"https:\/\/www.hv-a.be\/nl\/wp-json\/wp\/v2\/media?parent=12730"}],"wp:term":[{"taxonomy":"category","embeddable":true,"href":"https:\/\/www.hv-a.be\/nl\/wp-json\/wp\/v2\/categories?post=12730"},{"taxonomy":"post_tag","embeddable":true,"href":"https:\/\/www.hv-a.be\/nl\/wp-json\/wp\/v2\/tags?post=12730"}],"curies":[{"name":"wp","href":"https:\/\/api.w.org\/{rel}","templated":true}]}}