{"id":13798,"date":"2025-10-25T15:35:08","date_gmt":"2025-10-25T13:35:08","guid":{"rendered":"https:\/\/www.hv-a.be\/region-wallonne-les-noms-des-vingt-communes-20-communes-pilotes-pour-le-projet-de-dematerialisation-des-permis-sont-connus-la-phase-pilote-portant-sur-les-permis-dits-publics-commencera-en-avril-20\/"},"modified":"2025-10-28T09:56:21","modified_gmt":"2025-10-28T08:56:21","slug":"region-wallonne-les-noms-des-vingt-communes-20-communes-pilotes-pour-le-projet-de-dematerialisation-des-permis-sont-connus-la-phase-pilote-portant-sur-les-permis-dits-publics-commencera-en-avril-20","status":"publish","type":"post","link":"https:\/\/www.hv-a.be\/nl\/region-wallonne-les-noms-des-vingt-communes-20-communes-pilotes-pour-le-projet-de-dematerialisation-des-permis-sont-connus-la-phase-pilote-portant-sur-les-permis-dits-publics-commencera-en-avril-20\/","title":{"rendered":"D\u00e9mat\u00e9rialisation des proc\u00e9dures de d\u00e9livrance des permis en R\u00e9gion wallonne : les noms des Vingt communes pilotes sont connus. La phase pilote portant sur les permis dits publics commencera en avril 2026. La d\u00e9mat\u00e9rialisation des permis communaux commencera quant \u00e0 elle d\u00e9but 2027"},"content":{"rendered":"<p>Suite \u00e0 un appel aux communes pour la premi\u00e8re phase pilote de d\u00e9mat\u00e9rialisation, vingt communes ont \u00e9t\u00e9 retenues sur base de crit\u00e8res objectifs garantissant une repr\u00e9sentativit\u00e9 \u00e9quilibr\u00e9e des deux territoires pilotes. elles se situent dans la province de Namur et dans la moiti\u00e9 ouest de la province du Hainaut.<\/p>\n<p><strong>Les 20 communes pilotes s\u00e9lectionn\u00e9es sont\u00a0:<\/strong><\/p>\n<ul>\n<li><strong><em>Pour la Direction ext\u00e9rieure de Namur<\/em><\/strong><\/li>\n<\/ul>\n<p>Namur \u2013 Sambreville \u2013 Gembloux \u2013 Ciney \u2013 Mettet \u2013 Beauraing \u2013 Yvoir \u2013 Assesse \u2013 Hasti\u00e8re \u2013 Viroinval.<\/p>\n<ul>\n<li><strong><em>Pour la Direction ext\u00e9rieure du Hainaut 1<\/em><\/strong><\/li>\n<\/ul>\n<p>Mons \u2013 Tournai \u2013 Mouscron \u2013 Ath \u2013 Dour \u2013 Enghien \u2013 Beloeil \u2013 Jurbise \u2013 Silly \u2013 Pecq.<\/p>\n<p>La phase pilote portant sur les permis dits publics commencera en avril 2026. La d\u00e9mat\u00e9rialisation des permis communaux commencera quant \u00e0 elle d\u00e9but 2027.<\/p>\n<p>Un accompagnement technique et humain sera assur\u00e9 aupr\u00e8s des communes concern\u00e9es afin de garantir la r\u00e9ussite du projet et d\u2019en assurer la g\u00e9n\u00e9ralisation \u00e0 l\u2019ensemble du territoire wallon \u00e0 l\u2019horizon 2027.<\/p>\n<p>Pour m\u00e9moire, et parall\u00e8lement \u00e0 cette phase pilote, les formulaires de demandes de permis ont fait l&#8217;objet d&#8217;un &#8220;lifting&#8221; pour les rationaliser dans le but de la d\u00e9mat\u00e9rialisation.\u00a0 Leur utilisation est obligatoire depuis le 1er octobre 2015.<\/p>\n<p>Pour acc\u00e9der aux nouveaux formulaires de demande de permis, suivez le lien :\u00a0<a href=\"https:\/\/territoire.wallonie.be\/fr\/page\/formulaires\">https:\/\/territoire.wallonie.be\/fr\/page\/formulaires<\/a>.<\/p>\n","protected":false},"excerpt":{"rendered":"<p>Suite \u00e0 un appel aux communes pour la premi\u00e8re phase pilote de d\u00e9mat\u00e9rialisation, vingt communes ont \u00e9t\u00e9 retenues sur base de crit\u00e8res objectifs garantissant une repr\u00e9sentativit\u00e9 \u00e9quilibr\u00e9e des deux territoires pilotes. elles se situent dans la province de Namur et dans la moiti\u00e9 ouest de la province du Hainaut. Les 20 communes pilotes s\u00e9lectionn\u00e9es sont\u00a0: [&hellip;]<\/p>\n","protected":false},"author":3,"featured_media":13825,"comment_status":"closed","ping_status":"closed","sticky":false,"template":"","format":"standard","meta":{"_seopress_robots_primary_cat":"none","_seopress_titles_title":"","_seopress_titles_desc":"","_seopress_robots_index":"","footnotes":""},"categories":[84,72],"tags":[],"class_list":["post-13798","post","type-post","status-publish","format-standard","has-post-thumbnail","hentry","category-evenement-nl","category-press-nl"],"_links":{"self":[{"href":"https:\/\/www.hv-a.be\/nl\/wp-json\/wp\/v2\/posts\/13798","targetHints":{"allow":["GET"]}}],"collection":[{"href":"https:\/\/www.hv-a.be\/nl\/wp-json\/wp\/v2\/posts"}],"about":[{"href":"https:\/\/www.hv-a.be\/nl\/wp-json\/wp\/v2\/types\/post"}],"author":[{"embeddable":true,"href":"https:\/\/www.hv-a.be\/nl\/wp-json\/wp\/v2\/users\/3"}],"replies":[{"embeddable":true,"href":"https:\/\/www.hv-a.be\/nl\/wp-json\/wp\/v2\/comments?post=13798"}],"version-history":[{"count":5,"href":"https:\/\/www.hv-a.be\/nl\/wp-json\/wp\/v2\/posts\/13798\/revisions"}],"predecessor-version":[{"id":13844,"href":"https:\/\/www.hv-a.be\/nl\/wp-json\/wp\/v2\/posts\/13798\/revisions\/13844"}],"wp:featuredmedia":[{"embeddable":true,"href":"https:\/\/www.hv-a.be\/nl\/wp-json\/wp\/v2\/media\/13825"}],"wp:attachment":[{"href":"https:\/\/www.hv-a.be\/nl\/wp-json\/wp\/v2\/media?parent=13798"}],"wp:term":[{"taxonomy":"category","embeddable":true,"href":"https:\/\/www.hv-a.be\/nl\/wp-json\/wp\/v2\/categories?post=13798"},{"taxonomy":"post_tag","embeddable":true,"href":"https:\/\/www.hv-a.be\/nl\/wp-json\/wp\/v2\/tags?post=13798"}],"curies":[{"name":"wp","href":"https:\/\/api.w.org\/{rel}","templated":true}]}}