{"id":14818,"date":"2026-03-14T11:20:36","date_gmt":"2026-03-14T10:20:36","guid":{"rendered":"https:\/\/www.hv-a.be\/benoit-havet-interviendra-le-10-avril-2026-dans-le-cadre-dune-journee-detudes-organisee-par-lunion-wallonne-des-architectes-sur-le-theme-introduction-a-la-planologie-et-aux-outils-de-planific\/"},"modified":"2026-03-14T11:23:00","modified_gmt":"2026-03-14T10:23:00","slug":"benoit-havet-interviendra-le-10-avril-2026-dans-le-cadre-dune-journee-detudes-organisee-par-lunion-wallonne-des-architectes-sur-le-theme-introduction-a-la-planologie-et-aux-outils-de-planific","status":"publish","type":"post","link":"https:\/\/www.hv-a.be\/nl\/benoit-havet-interviendra-le-10-avril-2026-dans-le-cadre-dune-journee-detudes-organisee-par-lunion-wallonne-des-architectes-sur-le-theme-introduction-a-la-planologie-et-aux-outils-de-planific\/","title":{"rendered":"Benoit HAVET interviendra le 10 avril 2026 dans le cadre d&#8217;une journ\u00e9e d&#8217;\u00e9tudes organis\u00e9e par l&#8217;Union wallonne des architectes sur le th\u00e8me &#8220;Introduction \u00e0 la planologie et  aux outils de planification territoriale&#8221;"},"content":{"rendered":"<p>Pour plus d&#8217;informations et vous inscrire, suivez le lien <a href=\"https:\/\/www.uwa.be\/event\/introduction-a-la-planologie-et-aux-outils-de-planification-territoriale-310\/register\">https:\/\/www.uwa.be\/event\/introduction-a-la-planologie-et-aux-outils-de-planification-territoriale-310\/register<\/a>.<\/p>\n","protected":false},"excerpt":{"rendered":"<p>Pour plus d&#8217;informations et vous inscrire, suivez le lien https:\/\/www.uwa.be\/event\/introduction-a-la-planologie-et-aux-outils-de-planification-territoriale-310\/register.<\/p>\n","protected":false},"author":3,"featured_media":14814,"comment_status":"closed","ping_status":"closed","sticky":false,"template":"","format":"standard","meta":{"_seopress_robots_primary_cat":"none","_seopress_titles_title":"","_seopress_titles_desc":"","_seopress_robots_index":"","footnotes":""},"categories":[69,81],"tags":[],"class_list":["post-14818","post","type-post","status-publish","format-standard","has-post-thumbnail","hentry","category-conference-nl","category-formation-nl"],"_links":{"self":[{"href":"https:\/\/www.hv-a.be\/nl\/wp-json\/wp\/v2\/posts\/14818","targetHints":{"allow":["GET"]}}],"collection":[{"href":"https:\/\/www.hv-a.be\/nl\/wp-json\/wp\/v2\/posts"}],"about":[{"href":"https:\/\/www.hv-a.be\/nl\/wp-json\/wp\/v2\/types\/post"}],"author":[{"embeddable":true,"href":"https:\/\/www.hv-a.be\/nl\/wp-json\/wp\/v2\/users\/3"}],"replies":[{"embeddable":true,"href":"https:\/\/www.hv-a.be\/nl\/wp-json\/wp\/v2\/comments?post=14818"}],"version-history":[{"count":2,"href":"https:\/\/www.hv-a.be\/nl\/wp-json\/wp\/v2\/posts\/14818\/revisions"}],"predecessor-version":[{"id":14825,"href":"https:\/\/www.hv-a.be\/nl\/wp-json\/wp\/v2\/posts\/14818\/revisions\/14825"}],"wp:featuredmedia":[{"embeddable":true,"href":"https:\/\/www.hv-a.be\/nl\/wp-json\/wp\/v2\/media\/14814"}],"wp:attachment":[{"href":"https:\/\/www.hv-a.be\/nl\/wp-json\/wp\/v2\/media?parent=14818"}],"wp:term":[{"taxonomy":"category","embeddable":true,"href":"https:\/\/www.hv-a.be\/nl\/wp-json\/wp\/v2\/categories?post=14818"},{"taxonomy":"post_tag","embeddable":true,"href":"https:\/\/www.hv-a.be\/nl\/wp-json\/wp\/v2\/tags?post=14818"}],"curies":[{"name":"wp","href":"https:\/\/api.w.org\/{rel}","templated":true}]}}