{"id":15767,"date":"2026-09-01T16:14:58","date_gmt":"2026-09-01T14:14:58","guid":{"rendered":"https:\/\/www.hv-a.be\/le-15-octobre-2026-conference-du-jeune-barreau-du-brabant-wallon-et-centre-de-droit-prive-de-luniversite-libre-de-bruxelles-journee-detude-les-conctrat-speciaux-revisites-benoit-havet-i\/"},"modified":"2026-09-01T17:15:55","modified_gmt":"2026-09-01T15:15:55","slug":"le-15-octobre-2026-conference-du-jeune-barreau-du-brabant-wallon-et-centre-de-droit-prive-de-luniversite-libre-de-bruxelles-journee-detude-les-conctrat-speciaux-revisites-benoit-havet-i","status":"publish","type":"post","link":"https:\/\/www.hv-a.be\/nl\/le-15-octobre-2026-conference-du-jeune-barreau-du-brabant-wallon-et-centre-de-droit-prive-de-luniversite-libre-de-bruxelles-journee-detude-les-conctrat-speciaux-revisites-benoit-havet-i\/","title":{"rendered":"Le 15 octobre 2026 &#8211; Conf\u00e9rence du Jeune Barreau du Brabant wallon et Centre de droit priv\u00e9 de l&#8217;Universit\u00e9 libre de Bruxelles &#8211; journ\u00e9e d&#8217;\u00e9tude &#8211; &#8220;Les conctrat sp\u00e9ciaux revisit\u00e9s&#8221;. Benoit HAVET interviendra sur le th\u00e8me du contrat de service immobilier \u00e0 l&#8217;occasion d&#8217;une journ\u00e9e d&#8217;\u00e9tude organis\u00e9e le 15 octobre 2026 par la Conf\u00e9rence du Jeune Barreau du Brabant wallon et le centre de droit priv\u00e9 de l&#8217;Universit\u00e9 libre de Bruxelles consacr\u00e9e \u00e0 la r\u00e9forme des contrats sp\u00e9ciaux"},"content":{"rendered":"<p>L\u2019ambitieuse r\u00e9forme du Code civil engag\u00e9e il y a quelques ann\u00e9es a conduit \u00e0 une refonte de la partice du Code civil consacr\u00e9e aux contrats sp\u00e9ciaux ce 16 juillet 2026.<\/p>\n<p>La loi\u00a0 ins\u00e9rant un nouveau livre 7, consacr\u00e9 aux contrats les plus fr\u00e9quemment rencontr\u00e9s dans la vie quotidienne et dans les relations \u00e9conomiques, tels que la vente, le bail, le contrat d\u2019entreprise, le mandat, le d\u00e9p\u00f4t ou encore le pr\u00eat a \u00e9t\u00e9 adopt\u00e9e ce 16 juillet 2026 par la Chambre des repr\u00e9sentants.<\/p>\n<p>Avec l\u2019adoption du livre 7, la r\u00e9forme du Code civil entre dans une nouvelle phase.<\/p>\n<p>Contrairement \u00e0 ce que l\u2019on pourrait croire, le nouveau Livre 7 du Code civil ne bouleverse pas les r\u00e8gles connues depuis des d\u00e9cennies. Il reprend largement les solutions d\u00e9gag\u00e9es par la jurisprudence, les harmonise avec le nouveau droit des obligations et codifie de nombreuses pratiques qui existaient d\u00e9j\u00e0. Les grands principes demeurent, mais leur r\u00e9daction est modernis\u00e9e et leur articulation devient beaucoup plus logique.<\/p>\n<p>Certaines modifications plus importantes concernent les contrats de vente immobili\u00e8re et les contrats de service immobilier.\u00a0 Un premier commentaire a \u00e9t\u00e9 r\u00e9alis\u00e9 par notre cabinet en date du 17 juillet 2026, le jour suivant l&#8217;adoption du texte\u00a0 :\u00a0<a href=\"https:\/\/www.hv-a.be\/la-chambre-des-representants-adopte-la-reforme-du-livre-7-du-code-civil-ce-16-juillet-2026-et-modernise-notamment-les-differents-contrats-immobilier-vente-entreprise-service-immobilier-et-bail-qu\/\">https:\/\/www.hv-a.be\/la-chambre-des-representants-adopte-la-reforme-du-livre-7-du-code-civil-ce-16-juillet-2026-et-modernise-notamment-les-differents-contrats-immobilier-vente-entreprise-service-immobilier-et-bail-qu\/<\/a>.<\/p>\n<p>Ce colloque a pour objectif de pr\u00e9senter la philosophie de la r\u00e9forme et les grandes modifications que cette loi apporte aux diff\u00e9rents contrats, et d\u2019en mesurer les cons\u00e9quences pratiques pour les magistrats, les avocats, les notaires, les juristes d\u2019entreprise ainsi que les universitaires.<\/p>\n<p>Benoit y fera une intervention sur les contrats de services immobilier, une de ses mati\u00e8res de pr\u00e9dilection.<\/p>\n<p>Pour acc\u00e9der au programme du colloque et s&#8217;inscrire, suivez le lien :\u00a0<a href=\"https:\/\/www.larcier-intersentia.com\/fr\/contrats-speciaux-revisites-ev0000523.html\">https:\/\/www.larcier-intersentia.com\/fr\/contrats-speciaux-revisites-ev0000523.html<\/a>.<\/p>\n<p>Pour acc\u00e9der au texte adopt\u00e9 par la Chambre le 16 juillet 2026, suivez le lien :\u00a0<a href=\"https:\/\/www.lachambre.be\/FLWB\/PDF\/56\/0743\/56K0743009.pdf\">https:\/\/www.lachambre.be\/FLWB\/PDF\/56\/0743\/56K0743009.pdf\u00a0<\/a>\u00a0et pour ce qui concernne l\u2019adoption en s\u00e9ance pleini\u00e8re :\u00a0<a href=\"https:\/\/www.lachambre.be\/FLWB\/PDF\/56\/0743\/56K0743012.pdf\">https:\/\/www.lachambre.be\/FLWB\/PDF\/56\/0743\/56K0743012.pdf<\/a>.<\/p>\n","protected":false},"excerpt":{"rendered":"<p>L\u2019ambitieuse r\u00e9forme du Code civil engag\u00e9e il y a quelques ann\u00e9es a conduit \u00e0 une refonte de la partice du Code civil consacr\u00e9e aux contrats sp\u00e9ciaux ce 16 juillet 2026. La loi\u00a0 ins\u00e9rant un nouveau livre 7, consacr\u00e9 aux contrats les plus fr\u00e9quemment rencontr\u00e9s dans la vie quotidienne et dans les relations \u00e9conomiques, tels que [&hellip;]<\/p>\n","protected":false},"author":10,"featured_media":15763,"comment_status":"closed","ping_status":"closed","sticky":false,"template":"","format":"standard","meta":{"_seopress_titles_title":"","_seopress_titles_desc":"","_seopress_robots_index":"","_seopress_robots_follow":"","_seopress_robots_imageindex":"","_seopress_robots_snippet":"","_seopress_robots_primary_cat":"","_seopress_robots_breadcrumbs":"","_seopress_robots_freeze_modified_date":"","_seopress_robots_custom_modified_date":"","_seopress_robots_canonical":"","_seopress_social_fb_title":"","_seopress_social_fb_desc":"","_seopress_social_fb_img":"","_seopress_social_fb_img_attachment_id":0,"_seopress_social_fb_img_width":0,"_seopress_social_fb_img_height":0,"_seopress_social_twitter_title":"","_seopress_social_twitter_desc":"","_seopress_social_twitter_img":"","_seopress_social_twitter_img_attachment_id":0,"_seopress_social_twitter_img_width":0,"_seopress_social_twitter_img_height":0,"_seopress_redirections_value":"","_seopress_redirections_enabled":"","_seopress_redirections_enabled_regex":"","_seopress_redirections_logged_status":"","_seopress_redirections_param":"","_seopress_redirections_type":0,"_seopress_analysis_target_kw":"","footnotes":""},"categories":[69,81,38,72],"tags":[],"class_list":["post-15767","post","type-post","status-publish","format-standard","has-post-thumbnail","hentry","category-conference-nl","category-formation-nl","category-geen-onderdeel-van-een-categorie","category-press-nl"],"_links":{"self":[{"href":"https:\/\/www.hv-a.be\/nl\/wp-json\/wp\/v2\/posts\/15767","targetHints":{"allow":["GET"]}}],"collection":[{"href":"https:\/\/www.hv-a.be\/nl\/wp-json\/wp\/v2\/posts"}],"about":[{"href":"https:\/\/www.hv-a.be\/nl\/wp-json\/wp\/v2\/types\/post"}],"author":[{"embeddable":true,"href":"https:\/\/www.hv-a.be\/nl\/wp-json\/wp\/v2\/users\/10"}],"replies":[{"embeddable":true,"href":"https:\/\/www.hv-a.be\/nl\/wp-json\/wp\/v2\/comments?post=15767"}],"version-history":[{"count":3,"href":"https:\/\/www.hv-a.be\/nl\/wp-json\/wp\/v2\/posts\/15767\/revisions"}],"predecessor-version":[{"id":15778,"href":"https:\/\/www.hv-a.be\/nl\/wp-json\/wp\/v2\/posts\/15767\/revisions\/15778"}],"wp:featuredmedia":[{"embeddable":true,"href":"https:\/\/www.hv-a.be\/nl\/wp-json\/wp\/v2\/media\/15763"}],"wp:attachment":[{"href":"https:\/\/www.hv-a.be\/nl\/wp-json\/wp\/v2\/media?parent=15767"}],"wp:term":[{"taxonomy":"category","embeddable":true,"href":"https:\/\/www.hv-a.be\/nl\/wp-json\/wp\/v2\/categories?post=15767"},{"taxonomy":"post_tag","embeddable":true,"href":"https:\/\/www.hv-a.be\/nl\/wp-json\/wp\/v2\/tags?post=15767"}],"curies":[{"name":"wp","href":"https:\/\/api.w.org\/{rel}","templated":true}]}}