{"id":15784,"date":"2026-09-01T17:31:31","date_gmt":"2026-09-01T15:31:31","guid":{"rendered":"https:\/\/www.hv-a.be\/union-des-villes-et-communes-de-wallonie-cycles-de-formations-en-amenagement-du-territoire-29-septembre-et-1er-5-6-et-16-octobre-2026-intervention-de-sophie-ozcan\/"},"modified":"2026-09-01T17:35:50","modified_gmt":"2026-09-01T15:35:50","slug":"union-des-villes-et-communes-de-wallonie-cycles-de-formations-en-amenagement-du-territoire-29-septembre-et-1er-5-6-et-16-octobre-2026-intervention-de-sophie-ozcan","status":"publish","type":"post","link":"https:\/\/www.hv-a.be\/nl\/union-des-villes-et-communes-de-wallonie-cycles-de-formations-en-amenagement-du-territoire-29-septembre-et-1er-5-6-et-16-octobre-2026-intervention-de-sophie-ozcan\/","title":{"rendered":"Union des villes et communes de Wallonie &#8211; cycles de formations en am\u00e9nagement du territoire et urbanisme &#8211; 29 septembre, 1er, 5, 6 et 16 octobre 2026 &#8211; Intervention de Sophie Ozcan"},"content":{"rendered":"<p>Sophie Ozcan interviendra \u00e0 l&#8217;occasion de diverses formations en am\u00e9nagement du territoire et en urbanisme organis\u00e9es par l&#8217;Union des villes et communes de Wallonie, \u00e0 savoir :<\/p>\n<ul>\n<li>\u00a0les 5 et 16 octobre 2026 : Atelier Code du d\u00e9veloppement territorial : pour en savoir plus sur le programme et sur les conditions d&#8217;inscription :\u00a0 <a href=\"https:\/\/www.uvcw.be\/formations\/1560\">https:\/\/www.uvcw.be\/formations\/1560;<\/a><\/li>\n<li>le 6 octobre 2026 : L\u2019am\u00e9nagement du territoire pour les d\u00e9cideurs locaux : cadre g\u00e9n\u00e9ral et concr\u00e9tisation des projets :\u00a0 pour en savoir plus sur le programme et sur les conditions d&#8217;inscription : <a href=\"https:\/\/www.uvcw.be\/formations\/5057\">https:\/\/www.uvcw.be\/formations\/5057;<\/a><\/li>\n<li>les 29 septembre et 1er octobre 2026 : Comment r\u00e9diger un avis de CCATM : pour en savoir plus sur le programme et sur les conditions d&#8217;inscription : <a href=\"https:\/\/www.uvcw.be\/formations\/4461\">https:\/\/www.uvcw.be\/formations\/4461.<\/a><\/li>\n<\/ul>\n<p>&nbsp;<\/p>\n","protected":false},"excerpt":{"rendered":"<p>Sophie Ozcan interviendra \u00e0 l&#8217;occasion de diverses formations en am\u00e9nagement du territoire et en urbanisme organis\u00e9es par l&#8217;Union des villes et communes de Wallonie, \u00e0 savoir : \u00a0les 5 et 16 octobre 2026 : Atelier Code du d\u00e9veloppement territorial : pour en savoir plus sur le programme et sur les conditions d&#8217;inscription :\u00a0 https:\/\/www.uvcw.be\/formations\/1560; le [&hellip;]<\/p>\n","protected":false},"author":10,"featured_media":14359,"comment_status":"closed","ping_status":"closed","sticky":false,"template":"","format":"standard","meta":{"_seopress_titles_title":"","_seopress_titles_desc":"","_seopress_robots_index":"","_seopress_robots_follow":"","_seopress_robots_imageindex":"","_seopress_robots_snippet":"","_seopress_robots_primary_cat":"","_seopress_robots_breadcrumbs":"","_seopress_robots_freeze_modified_date":"","_seopress_robots_custom_modified_date":"","_seopress_robots_canonical":"","_seopress_social_fb_title":"","_seopress_social_fb_desc":"","_seopress_social_fb_img":"","_seopress_social_fb_img_attachment_id":0,"_seopress_social_fb_img_width":0,"_seopress_social_fb_img_height":0,"_seopress_social_twitter_title":"","_seopress_social_twitter_desc":"","_seopress_social_twitter_img":"","_seopress_social_twitter_img_attachment_id":0,"_seopress_social_twitter_img_width":0,"_seopress_social_twitter_img_height":0,"_seopress_redirections_value":"","_seopress_redirections_enabled":"","_seopress_redirections_enabled_regex":"","_seopress_redirections_logged_status":"","_seopress_redirections_param":"","_seopress_redirections_type":0,"_seopress_analysis_target_kw":"","footnotes":""},"categories":[69,81],"tags":[],"class_list":["post-15784","post","type-post","status-publish","format-standard","has-post-thumbnail","hentry","category-conference-nl","category-formation-nl"],"_links":{"self":[{"href":"https:\/\/www.hv-a.be\/nl\/wp-json\/wp\/v2\/posts\/15784","targetHints":{"allow":["GET"]}}],"collection":[{"href":"https:\/\/www.hv-a.be\/nl\/wp-json\/wp\/v2\/posts"}],"about":[{"href":"https:\/\/www.hv-a.be\/nl\/wp-json\/wp\/v2\/types\/post"}],"author":[{"embeddable":true,"href":"https:\/\/www.hv-a.be\/nl\/wp-json\/wp\/v2\/users\/10"}],"replies":[{"embeddable":true,"href":"https:\/\/www.hv-a.be\/nl\/wp-json\/wp\/v2\/comments?post=15784"}],"version-history":[{"count":2,"href":"https:\/\/www.hv-a.be\/nl\/wp-json\/wp\/v2\/posts\/15784\/revisions"}],"predecessor-version":[{"id":15792,"href":"https:\/\/www.hv-a.be\/nl\/wp-json\/wp\/v2\/posts\/15784\/revisions\/15792"}],"wp:featuredmedia":[{"embeddable":true,"href":"https:\/\/www.hv-a.be\/nl\/wp-json\/wp\/v2\/media\/14359"}],"wp:attachment":[{"href":"https:\/\/www.hv-a.be\/nl\/wp-json\/wp\/v2\/media?parent=15784"}],"wp:term":[{"taxonomy":"category","embeddable":true,"href":"https:\/\/www.hv-a.be\/nl\/wp-json\/wp\/v2\/categories?post=15784"},{"taxonomy":"post_tag","embeddable":true,"href":"https:\/\/www.hv-a.be\/nl\/wp-json\/wp\/v2\/tags?post=15784"}],"curies":[{"name":"wp","href":"https:\/\/api.w.org\/{rel}","templated":true}]}}